{"id":23403,"date":"2023-11-30T12:01:58","date_gmt":"2023-11-30T12:01:58","guid":{"rendered":"https:\/\/birlastaging.wpengine.com\/?p=23403"},"modified":"2024-01-22T11:44:24","modified_gmt":"2024-01-22T11:44:24","slug":"birla-carbon-celebra-el-65-aniversario-de-su-planta-de-cubatao-en-brasil","status":"publish","type":"post","link":"https:\/\/www.birlacarbon.com\/es\/birla-carbon-celebra-el-65-aniversario-de-su-planta-de-cubatao-en-brasil\/","title":{"rendered":"Birla Carbon celebra el 65  aniversario de su  planta de Cubat\u00e3o en Brasil"},"content":{"rendered":"<div class=\"fusion-fullwidth fullwidth-box fusion-builder-row-1 nonhundred-percent-fullwidth non-hundred-percent-height-scrolling cb-interior-main\" style=\"--awb-border-sizes-top:0px;--awb-border-sizes-bottom:0px;--awb-border-sizes-left:0px;--awb-border-sizes-right:0px;--awb-border-radius-top-left:0px;--awb-border-radius-top-right:0px;--awb-border-radius-bottom-right:0px;--awb-border-radius-bottom-left:0px;--awb-padding-top:5%;--awb-padding-right:5%;--awb-padding-bottom:2%;--awb-padding-left:5%;--awb-flex-wrap:wrap;\" ><div class=\"fusion-builder-row fusion-row\"><div class=\"fusion-layout-column fusion_builder_column fusion-builder-column-0 fusion_builder_column_1_1 1_1 fusion-one-full fusion-column-first fusion-column-last\" style=\"--awb-padding-top:100px;--awb-padding-right:20px;--awb-padding-bottom:0px;--awb-padding-left:0px;--awb-bg-size:cover;--awb-margin-bottom:0px;\"><div class=\"fusion-column-wrapper fusion-flex-column-wrapper-legacy\"><div class=\"fusion-title title fusion-title-1 fusion-sep-none fusion-title-text fusion-title-size-one\" style=\"--awb-margin-bottom:20px;--awb-margin-top-small:0px;--awb-margin-right-small:0px;--awb-margin-bottom-small:20px;--awb-margin-left-small:0px;\"><h1 class=\"fusion-title-heading title-heading-left fusion-responsive-typography-calculated\" style=\"margin:0;--fontSize:60;line-height:1.25;\"><h1>Birla Carbon celebra el 65  aniversario de su planta de Cubat\u00e3o en Brasil<\/h1><\/h1><\/div><div class=\"fusion-clearfix\"><\/div><\/div><\/div><div class=\"fusion-layout-column fusion_builder_column fusion-builder-column-1 fusion_builder_column_1_1 1_1 fusion-one-full fusion-column-first fusion-column-last\" style=\"--awb-bg-size:cover;\"><div class=\"fusion-column-wrapper fusion-flex-column-wrapper-legacy\"><div class=\"fusion-text fusion-text-1\" style=\"--awb-text-transform:none;\"><p><strong>Mumbai, India &amp; S\u00e3o Paulo, Brasil \u2013 30 de noviembre de 2023: <\/strong>Birla  Carbon, uno de los principales fabricantes y proveedores de soluciones a base  de negro de carbono de alta calidad, celebra en noviembre de este a\u00f1o el 65  \u00a0aniversario de su planta de  Cubat\u00e3o. Situada en el estado de S\u00e3o Paulo, a 12 kil\u00f3metros de la ciudad  portuaria de Santos, la planta de Cubat\u00e3o ha desempe\u00f1ado un papel determinante  en las operaciones globales de Birla Carbon, contribuyendo al posicionamiento  de la empresa como un actor clave en la industria del negro de carbono en el  mercado sudamericano. Durante las \u00faltimas seis d\u00e9cadas y media, la planta ha  demostrado, de manera constante, su compromiso con la excelencia operativa, la  sostenibilidad medioambiental y el compromiso con la comunidad. <\/p>\n<p>La planta de Cubat\u00e3o de Birla Carbon comenz\u00f3 sus operaciones en 1958. La  funci\u00f3n principal de la planta es respaldar los requisitos de negro de carbono  para el uso local y regional en neum\u00e1ticos, MRG (Productos de la Goma, por sus  siglas en ingl\u00e9s), pl\u00e1sticos, revestimientos, tintas e industrias  especializadas. La planta satisface sus necesidades energ\u00e9ticas a trav\u00e9s de un  sistema de cogeneraci\u00f3n dentro de sus instalaciones, que no se limita  \u00fanicamente al uso interno. En su lugar, la planta suministra electricidad a la  red local. <\/p>\n<p>John  Loudermilk, presidente y director ejecutivo de Birla Carbon, expres\u00f3 su opini\u00f3n  sobre el 65 \u00a0aniversario de la  planta<strong>,<\/strong> &ldquo;Nos sentimos muy orgullosos de celebrar este hito de 65 a\u00f1os de  operaciones en Brasil. Esta planta ha constituido nuestra v\u00eda para prestar  servicios al mercado sudamericano durante m\u00e1s de seis d\u00e9cadas y mantiene  relaciones con casi todos los clientes de la regi\u00f3n. La planta de Cubat\u00e3o atestigua nuestro  compromiso con la excelencia, al ser nuestra primera planta de negro de carbono  en la regi\u00f3n que presenta un rendimiento a niveles sostenidos&rdquo;. Y a\u00f1adi\u00f3  adem\u00e1s, &ldquo;La evoluci\u00f3n de la planta a lo largo del tiempo a trav\u00e9s de  ampliaciones de capacidad, la modernizaci\u00f3n de la tecnolog\u00eda y la atenci\u00f3n  continua a la innovaci\u00f3n y a la excelencia operativa para impulsar la  sostenibilidad se armoniza de forma directa con nuestro Prop\u00f3sito: Compartir la  fortaleza&rdquo;. <\/p>\n<p>En la actualidad, la planta de Cubat\u00e3o se enorgullece de ser una de las  unidades m\u00e1s seguras y sostenibles de Birla Carbon, ya que encarna su  dedicaci\u00f3n a la mejora continua y a la responsabilidad con el medio ambiente. <\/p>\n<p>Durante los \u00faltimos 65 a\u00f1os, la planta se ha consagrado a la sostenibilidad  y al compromiso con la comunidad, participando de forma activa en programas de  voluntariado para contribuir a la sociedad y brindar apoyo a su fuerza laboral.  A trav\u00e9s de varios proyectos, la planta ha promovido con \u00e9xito la reducci\u00f3n del  consumo de agua, el aumento de la eficiencia energ\u00e9tica y la mejora de las  capacidades de los productos, otorg\u00e1ndole siempre prioridad a la seguridad y el  bienestar de sus empleados, contratistas y proveedores. <\/p>\n<p>En el marco de su responsabilidad social corporativa, la planta mantiene su  compromiso de apoyar la educaci\u00f3n de los ni\u00f1os y la asistencia m\u00e9dica a las  mujeres. Los empleados de la planta mantienen una constante interacci\u00f3n con  estudiantes de secundaria desde el a\u00f1o 2015, haciendo hincapi\u00e9 en la  importancia de la tecnolog\u00eda y la industria qu\u00edmica durante estos intercambios. <\/p>\n<p>La planta de Birla  Carbon de Cubat\u00e3o es miembro activo de la ABIQUIM (Asociaci\u00f3n Brasile\u00f1a de la  Industria Qu\u00edmica) y la CIESP (Centro de Industrias del Estado de S\u00e3o Paulo) y  est\u00e1 reconocida bajo las normas ISO 14001, ISO 45001 e IATF 16949. <\/p>\n<\/div><div class=\"fusion-clearfix\"><\/div><\/div><\/div><div class=\"fusion-layout-column fusion_builder_column fusion-builder-column-2 fusion_builder_column_1_1 1_1 fusion-one-full fusion-column-first fusion-column-last\" style=\"--awb-bg-size:cover;\"><div class=\"fusion-column-wrapper fusion-flex-column-wrapper-legacy\"><div class=\"fusion-text fusion-text-2\" style=\"--awb-text-transform:none;\"><p><strong>Acerca de Birla Carbon<\/strong><\/p>\n<p> <a href=\"https:\/\/www.birlacarbon.com\/\">Birla Carbon<\/a> es un proveedor mundial l\u00edder de negro de carbono. Como una de las empresas insignia del conglomerado multinacional indio, <a href=\"https:\/\/www.adityabirla.com\/\">Aditya Birla Group<\/a>, Birla Carbon proporciona unas soluciones de negro de carbono sostenibles e innovadoras que mejoran el rendimiento de pinturas y revestimientos, tintas y t\u00f3neres, pl\u00e1sticos, adhesivos, selladores, fibras textiles, art\u00edculos mec\u00e1nicos de caucho y neum\u00e1ticos. El impacto de la empresa se extiende por 12 pa\u00edses con 16 instalaciones de fabricaci\u00f3n y dos centros de tecnolog\u00eda de vanguardia en Marietta (EE. UU.) y Taloja (India), desde los que aporta innovaciones l\u00edderes en la industria. Su estrategia de <a href=\"https:\/\/sustainability.birlacarbon.com\/\">Excelencia Operativa Sostenible<\/a> (SOE, por sus siglas en ingl\u00e9s) se centra en la seguridad de los empleados, la protecci\u00f3n del medio ambiente, el uso eficiente de los recursos de carbono y operar de manera \u00e9tica y socialmente responsable.<\/p>\n<\/div><div class=\"fusion-widget-area awb-widget-area-element fusion-widget-area-1 fusion-content-widget-area\" style=\"--awb-title-size:22px;--awb-title-color:#000000;--awb-padding:0px 0px 0px 0px;\"><div id=\"text-31\" class=\"widget widget_text\">\t\t\t<div class=\"textwidget\"> <p><a href=\"https:\/\/www.birlacarbon.com\/es\/notas-de-prensa\/\" class=\"leader-back\">\t&laquo; Volver a Notas de Prensa<\/a><\/p><\/div>\n\t\t<\/div><div class=\"fusion-additional-widget-content\"><\/div><\/div><div class=\"fusion-clearfix\"><\/div><\/div><\/div><\/div><\/div>\n","protected":false},"excerpt":{"rendered":"<p>Birla Carbon, one of the leading manufacturers and suppliers of high quality carbon-based solutions, celebrates the 65th anniversary of its Cubat\u00e3o Plant in November this year.<\/p>\n","protected":false},"author":24,"featured_media":0,"comment_status":"closed","ping_status":"open","sticky":false,"template":"","format":"standard","meta":{"_acf_changed":false,"_monsterinsights_skip_tracking":false,"_monsterinsights_sitenote_active":false,"_monsterinsights_sitenote_note":"","_monsterinsights_sitenote_category":0,"footnotes":""},"categories":[389],"tags":[],"class_list":["post-23403","post","type-post","status-publish","format-standard","hentry","category-press-es"],"acf":false,"yoast_head":"<!-- This site is optimized with the Yoast SEO plugin v27.4 - https:\/\/yoast.com\/product\/yoast-seo-wordpress\/ -->\n<title>Birla Carbon celebra el 65 aniversario de su planta de Cubat\u00e3o en Brasil - Birla Carbon<\/title>\n<meta name=\"robots\" content=\"index, follow, max-snippet:-1, max-image-preview:large, max-video-preview:-1\" \/>\n<link rel=\"canonical\" href=\"https:\/\/www.birlacarbon.com\/es\/birla-carbon-celebra-el-65-aniversario-de-su-planta-de-cubatao-en-brasil\/\" \/>\n<meta property=\"og:locale\" content=\"es_ES\" \/>\n<meta property=\"og:type\" content=\"article\" \/>\n<meta property=\"og:title\" content=\"Birla Carbon celebra el 65 aniversario de su planta de Cubat\u00e3o en Brasil - Birla Carbon\" \/>\n<meta property=\"og:description\" content=\"Birla Carbon, one of the leading manufacturers and suppliers of high quality carbon-based solutions, celebrates the 65th anniversary of its Cubat\u00e3o Plant in November this year.\" \/>\n<meta property=\"og:url\" content=\"https:\/\/www.birlacarbon.com\/es\/birla-carbon-celebra-el-65-aniversario-de-su-planta-de-cubatao-en-brasil\/\" \/>\n<meta property=\"og:site_name\" content=\"Birla Carbon\" \/>\n<meta property=\"article:published_time\" content=\"2023-11-30T12:01:58+00:00\" \/>\n<meta property=\"article:modified_time\" content=\"2024-01-22T11:44:24+00:00\" \/>\n<meta name=\"author\" content=\"Mrunalini Waghmare\" \/>\n<meta name=\"twitter:card\" content=\"summary_large_image\" \/>\n<meta name=\"twitter:label1\" content=\"Escrito por\" \/>\n\t<meta name=\"twitter:data1\" content=\"Mrunalini Waghmare\" \/>\n\t<meta name=\"twitter:label2\" content=\"Tiempo de lectura\" \/>\n\t<meta name=\"twitter:data2\" content=\"4 minutos\" \/>\n<!-- \/ Yoast SEO plugin. -->","yoast_head_json":{"title":"Birla Carbon celebra el 65 aniversario de su planta de Cubat\u00e3o en Brasil - Birla Carbon","robots":{"index":"index","follow":"follow","max-snippet":"max-snippet:-1","max-image-preview":"max-image-preview:large","max-video-preview":"max-video-preview:-1"},"canonical":"https:\/\/www.birlacarbon.com\/es\/birla-carbon-celebra-el-65-aniversario-de-su-planta-de-cubatao-en-brasil\/","og_locale":"es_ES","og_type":"article","og_title":"Birla Carbon celebra el 65 aniversario de su planta de Cubat\u00e3o en Brasil - Birla Carbon","og_description":"Birla Carbon, one of the leading manufacturers and suppliers of high quality carbon-based solutions, celebrates the 65th anniversary of its Cubat\u00e3o Plant in November this year.","og_url":"https:\/\/www.birlacarbon.com\/es\/birla-carbon-celebra-el-65-aniversario-de-su-planta-de-cubatao-en-brasil\/","og_site_name":"Birla Carbon","article_published_time":"2023-11-30T12:01:58+00:00","article_modified_time":"2024-01-22T11:44:24+00:00","author":"Mrunalini Waghmare","twitter_card":"summary_large_image","twitter_misc":{"Escrito por":"Mrunalini Waghmare","Tiempo de lectura":"4 minutos"},"schema":{"@context":"https:\/\/schema.org","@graph":[{"@type":"Article","@id":"https:\/\/www.birlacarbon.com\/es\/birla-carbon-celebra-el-65-aniversario-de-su-planta-de-cubatao-en-brasil\/#article","isPartOf":{"@id":"https:\/\/www.birlacarbon.com\/es\/birla-carbon-celebra-el-65-aniversario-de-su-planta-de-cubatao-en-brasil\/"},"author":{"name":"Mrunalini Waghmare","@id":"https:\/\/www.birlacarbon.com\/es\/#\/schema\/person\/03e70060c7429102ec5b35cb737a66bf"},"headline":"Birla Carbon celebra el 65 aniversario de su planta de Cubat\u00e3o en Brasil","datePublished":"2023-11-30T12:01:58+00:00","dateModified":"2024-01-22T11:44:24+00:00","mainEntityOfPage":{"@id":"https:\/\/www.birlacarbon.com\/es\/birla-carbon-celebra-el-65-aniversario-de-su-planta-de-cubatao-en-brasil\/"},"wordCount":1519,"publisher":{"@id":"https:\/\/www.birlacarbon.com\/es\/#organization"},"articleSection":["Press"],"inLanguage":"es"},{"@type":"WebPage","@id":"https:\/\/www.birlacarbon.com\/es\/birla-carbon-celebra-el-65-aniversario-de-su-planta-de-cubatao-en-brasil\/","url":"https:\/\/www.birlacarbon.com\/es\/birla-carbon-celebra-el-65-aniversario-de-su-planta-de-cubatao-en-brasil\/","name":"Birla Carbon celebra el 65 aniversario de su planta de Cubat\u00e3o en Brasil - Birla Carbon","isPartOf":{"@id":"https:\/\/www.birlacarbon.com\/es\/#website"},"datePublished":"2023-11-30T12:01:58+00:00","dateModified":"2024-01-22T11:44:24+00:00","breadcrumb":{"@id":"https:\/\/www.birlacarbon.com\/es\/birla-carbon-celebra-el-65-aniversario-de-su-planta-de-cubatao-en-brasil\/#breadcrumb"},"inLanguage":"es","potentialAction":[{"@type":"ReadAction","target":["https:\/\/www.birlacarbon.com\/es\/birla-carbon-celebra-el-65-aniversario-de-su-planta-de-cubatao-en-brasil\/"]}]},{"@type":"BreadcrumbList","@id":"https:\/\/www.birlacarbon.com\/es\/birla-carbon-celebra-el-65-aniversario-de-su-planta-de-cubatao-en-brasil\/#breadcrumb","itemListElement":[{"@type":"ListItem","position":1,"name":"Home","item":"https:\/\/www.birlacarbon.com\/es\/"},{"@type":"ListItem","position":2,"name":"Birla Carbon celebra el 65 aniversario de su planta de Cubat\u00e3o en Brasil"}]},{"@type":"WebSite","@id":"https:\/\/www.birlacarbon.com\/es\/#website","url":"https:\/\/www.birlacarbon.com\/es\/","name":"Birla Carbon","description":"Birla Carbon","publisher":{"@id":"https:\/\/www.birlacarbon.com\/es\/#organization"},"potentialAction":[{"@type":"SearchAction","target":{"@type":"EntryPoint","urlTemplate":"https:\/\/www.birlacarbon.com\/es\/?s={search_term_string}"},"query-input":{"@type":"PropertyValueSpecification","valueRequired":true,"valueName":"search_term_string"}}],"inLanguage":"es"},{"@type":"Organization","@id":"https:\/\/www.birlacarbon.com\/es\/#organization","name":"Birla Carbon","url":"https:\/\/www.birlacarbon.com\/es\/","logo":{"@type":"ImageObject","inLanguage":"es","@id":"https:\/\/www.birlacarbon.com\/es\/#\/schema\/logo\/image\/","url":"https:\/\/www.birlacarbon.com\/wp-content\/uploads\/2017\/01\/aditya-birla-logo-retina.png","contentUrl":"https:\/\/www.birlacarbon.com\/wp-content\/uploads\/2017\/01\/aditya-birla-logo-retina.png","width":190,"height":182,"caption":"Birla Carbon"},"image":{"@id":"https:\/\/www.birlacarbon.com\/es\/#\/schema\/logo\/image\/"}},{"@type":"Person","@id":"https:\/\/www.birlacarbon.com\/es\/#\/schema\/person\/03e70060c7429102ec5b35cb737a66bf","name":"Mrunalini Waghmare"}]}},"_links":{"self":[{"href":"https:\/\/www.birlacarbon.com\/es\/wp-json\/wp\/v2\/posts\/23403","targetHints":{"allow":["GET"]}}],"collection":[{"href":"https:\/\/www.birlacarbon.com\/es\/wp-json\/wp\/v2\/posts"}],"about":[{"href":"https:\/\/www.birlacarbon.com\/es\/wp-json\/wp\/v2\/types\/post"}],"author":[{"embeddable":true,"href":"https:\/\/www.birlacarbon.com\/es\/wp-json\/wp\/v2\/users\/24"}],"replies":[{"embeddable":true,"href":"https:\/\/www.birlacarbon.com\/es\/wp-json\/wp\/v2\/comments?post=23403"}],"version-history":[{"count":0,"href":"https:\/\/www.birlacarbon.com\/es\/wp-json\/wp\/v2\/posts\/23403\/revisions"}],"wp:attachment":[{"href":"https:\/\/www.birlacarbon.com\/es\/wp-json\/wp\/v2\/media?parent=23403"}],"wp:term":[{"taxonomy":"category","embeddable":true,"href":"https:\/\/www.birlacarbon.com\/es\/wp-json\/wp\/v2\/categories?post=23403"},{"taxonomy":"post_tag","embeddable":true,"href":"https:\/\/www.birlacarbon.com\/es\/wp-json\/wp\/v2\/tags?post=23403"}],"curies":[{"name":"wp","href":"https:\/\/api.w.org\/{rel}","templated":true}]}}