{"id":3721,"date":"2017-06-14T23:42:49","date_gmt":"2017-06-14T23:42:49","guid":{"rendered":"http:\/\/birlacarbon.com\/celebrando-50-anos-de-compromiso-en-europa\/"},"modified":"2023-05-24T17:13:53","modified_gmt":"2023-05-24T17:13:53","slug":"celebrando-50-anos-de-compromiso-en-europa","status":"publish","type":"post","link":"https:\/\/www.birlacarbon.com\/es\/celebrando-50-anos-de-compromiso-en-europa\/","title":{"rendered":"Celebrando 50 a\u00f1os de Compromiso en Europa"},"content":{"rendered":"<p><div class=\"fusion-fullwidth fullwidth-box fusion-builder-row-1 fusion-flex-container has-pattern-background has-mask-background nonhundred-percent-fullwidth non-hundred-percent-height-scrolling\" style=\"--awb-border-radius-top-left:0px;--awb-border-radius-top-right:0px;--awb-border-radius-bottom-right:0px;--awb-border-radius-bottom-left:0px;--awb-margin-top:125px;--awb-flex-wrap:wrap;\" ><div class=\"fusion-builder-row fusion-row fusion-flex-align-items-flex-start fusion-flex-content-wrap\" style=\"max-width:1216.8px;margin-left: calc(-4% \/ 2 );margin-right: calc(-4% \/ 2 );\"><div class=\"fusion-layout-column fusion_builder_column fusion-builder-column-0 fusion_builder_column_1_1 1_1 fusion-flex-column\" style=\"--awb-bg-size:cover;--awb-width-large:100%;--awb-margin-top-large:0px;--awb-spacing-right-large:1.92%;--awb-margin-bottom-large:30px;--awb-spacing-left-large:1.92%;--awb-width-medium:100%;--awb-order-medium:0;--awb-spacing-right-medium:1.92%;--awb-spacing-left-medium:1.92%;--awb-width-small:100%;--awb-order-small:0;--awb-spacing-right-small:1.92%;--awb-spacing-left-small:1.92%;\"><div class=\"fusion-column-wrapper fusion-column-has-shadow fusion-flex-justify-content-flex-start fusion-content-layout-column\"><div class=\"fusion-title title fusion-title-1 fusion-sep-none fusion-title-text fusion-title-size-one\" style=\"--awb-margin-top-small:0px;--awb-margin-right-small:0px;--awb-margin-bottom-small:20px;--awb-margin-left-small:0px;\"><h1 class=\"fusion-title-heading title-heading-left fusion-responsive-typography-calculated\" style=\"margin:0;--fontSize:60;line-height:1.25;\">Celebrando 50 a\u00f1os de Compromiso en Europa<\/h1><\/div><\/div><\/div><\/div><\/div><div class=\"fusion-fullwidth fullwidth-box fusion-builder-row-2 nonhundred-percent-fullwidth non-hundred-percent-height-scrolling\" style=\"--awb-border-radius-top-left:0px;--awb-border-radius-top-right:0px;--awb-border-radius-bottom-right:0px;--awb-border-radius-bottom-left:0px;--awb-flex-wrap:wrap;\" ><div class=\"fusion-builder-row fusion-row\"><div class=\"fusion-layout-column fusion_builder_column fusion-builder-column-1 fusion_builder_column_1_1 1_1 fusion-one-full fusion-column-first fusion-column-last\" style=\"--awb-bg-size:cover;--awb-margin-bottom:0px;\"><div class=\"fusion-column-wrapper fusion-flex-column-wrapper-legacy\"><div class=\"fusion-text fusion-text-1\"><p class=\"subtitle\">La planta de Birla Carbon en Espa\u00f1a celebr\u00f3 sus 50 aniversario, marcando por su compromiso a largo plazo con la industria del negro de carbono y los clientes en Europa.<\/p>\n<p class=\"extraText\">En una \u00e9poca donde las cosas cambian r\u00e1pidamente y donde la industria se encuentra en constante estado de cambio, celebrar 50 a\u00f1os es un hito que no ocurre frecuentemente. La planta C\u00e1ntabra de Birla Carbon ha logrado este hito en 2016, marcando un punto de referencia en su compromiso con la industria del negro de carbono en Europa y su habilidad para evolucionar como socio sostenible y de progreso.<\/p>\n<p>Compartiendo sus pensamientos sobre este hito, Jacinto Zarca, Director General de Birla Carbon Espa\u00f1a dijo que \u201cSomos una peque\u00f1a gran empresa. Peque\u00f1a en cantidad de trabajadores, pero grande en volumen de ventas, facturaci\u00f3n y compromiso con nuestros clientes y la comunidad. Tambi\u00e9n agreg\u00f3 que \u201cen cinco d\u00e9cadas, hemos comprobado que es posible evolucionar con los tiempos cambiantes si nos mantenemos comprometidos con nuestros principios de sostenibilidad y tecnolog\u00eda.\u201d<\/p>\n<p>En el evento, John Loudermilk, Presidente para la regi\u00f3n de Norte Am\u00e9rica, Europa y \u00c1frica, de Birla Carbon dijo que \u201cla planta de Cantabria es la planta m\u00e1s eficiente del mundo en su ciclo energ\u00e9tico al producir negro de carbono, proporcionando tanto ventajas econ\u00f3micas como medioambientales, asegurando la sostenibilidad de su futuro.\u201d Para los empleados de Birla Carbon Espa\u00f1a, esta fue una oportunidad para celebrar este logro con representantes del gobierno local, de la comunidad y de los clientes. El acto institucional de celebraci\u00f3n del 50 aniversario conto con la presencia de Miguel Angel Revilla, Presidente de Cantabria, Rosa Eva D\u00edaz Tezanos, Vicepresidenta de Cantabria, miembros de la comunidad local y algunos de nuestros clientes.<\/p>\n<p>M\u00e1s detalles del evento est\u00e1n disponibles en el <a href=\"https:\/\/www.youtube.com\/watch?v=cHkuxGDNbfE&amp;feature=youtu.be\" target=\"_blank\" rel=\"noopener noreferrer\">enlace del video.<\/a>.<\/p>\n<\/div><div class=\"fusion-clearfix\"><\/div><\/div><\/div><\/div><\/div><div class=\"fusion-fullwidth fullwidth-box fusion-builder-row-3 fusion-flex-container has-pattern-background has-mask-background nonhundred-percent-fullwidth non-hundred-percent-height-scrolling\" style=\"--awb-border-radius-top-left:0px;--awb-border-radius-top-right:0px;--awb-border-radius-bottom-right:0px;--awb-border-radius-bottom-left:0px;--awb-flex-wrap:wrap;\" ><div class=\"fusion-builder-row fusion-row fusion-flex-align-items-flex-start fusion-flex-content-wrap\" style=\"max-width:1216.8px;margin-left: calc(-4% \/ 2 );margin-right: calc(-4% \/ 2 );\"><div class=\"fusion-layout-column fusion_builder_column fusion-builder-column-2 fusion_builder_column_1_1 1_1 fusion-flex-column\" style=\"--awb-bg-size:cover;--awb-width-large:100%;--awb-margin-top-large:0px;--awb-spacing-right-large:1.92%;--awb-margin-bottom-large:30px;--awb-spacing-left-large:1.92%;--awb-width-medium:100%;--awb-order-medium:0;--awb-spacing-right-medium:1.92%;--awb-spacing-left-medium:1.92%;--awb-width-small:100%;--awb-order-small:0;--awb-spacing-right-small:1.92%;--awb-spacing-left-small:1.92%;\"><div class=\"fusion-column-wrapper fusion-column-has-shadow fusion-flex-justify-content-flex-start fusion-content-layout-column\"><div class=\"fusion-separator fusion-full-width-sep\" style=\"align-self: center;margin-left: auto;margin-right: auto;width:100%;\"><div class=\"fusion-separator-border sep-single\" style=\"--awb-height:20px;--awb-amount:20px;--awb-sep-color:var(--awb-custom14);border-color:var(--awb-custom14);border-top-width:5px;\"><\/div><\/div><\/div><\/div><\/div><\/div><\/p>\n","protected":false},"excerpt":{"rendered":"<p>La planta de Birla Carbon en Espa\u00f1a celebr\u00f3 sus 50 aniversario,  marcando por  su compromiso a largo plazo con la industria del negro de carbono y los clientes en Europa.  [\u2026]<\/p>\n","protected":false},"author":16,"featured_media":3722,"comment_status":"closed","ping_status":"open","sticky":false,"template":"","format":"standard","meta":{"_acf_changed":false,"_monsterinsights_skip_tracking":false,"_monsterinsights_sitenote_active":false,"_monsterinsights_sitenote_note":"","_monsterinsights_sitenote_category":0,"footnotes":""},"categories":[59,392,402],"tags":[412,405,411,410,403,406,414,409,408,401,404,407,413],"class_list":["post-3721","post","type-post","status-publish","format-standard","has-post-thumbnail","hentry","category-sin-categorizar","category-sustainability-es","category-sustainability-updates-es","tag-aditya-birla-es","tag-cantabria-es","tag-csr-es","tag-energy-cycle-es","tag-europe-es","tag-jacinto-zarca-es","tag-john-loudermilk-es","tag-miguel-angel-revilla-es","tag-rosa-eva-diaz-tezanos-es","tag-sustainability-es","tag-spain-es","tag-technology-es","tag-video-es"],"acf":false,"yoast_head":"<!-- This site is optimized with the Yoast SEO plugin v27.4 - https:\/\/yoast.com\/product\/yoast-seo-wordpress\/ -->\n<title>Celebrando 50 a\u00f1os de Compromiso en Europa - Birla Carbon<\/title>\n<meta name=\"robots\" content=\"index, follow, max-snippet:-1, max-image-preview:large, max-video-preview:-1\" \/>\n<link rel=\"canonical\" href=\"https:\/\/www.birlacarbon.com\/es\/celebrando-50-anos-de-compromiso-en-europa\/\" \/>\n<meta property=\"og:locale\" content=\"es_ES\" \/>\n<meta property=\"og:type\" content=\"article\" \/>\n<meta property=\"og:title\" content=\"Celebrando 50 a\u00f1os de Compromiso en Europa - Birla Carbon\" \/>\n<meta property=\"og:description\" content=\"La planta de Birla Carbon en Espa\u00f1a celebr\u00f3 sus 50 aniversario, marcando por su compromiso a largo plazo con la industria del negro de carbono y los clientes en Europa. [\u2026]\" \/>\n<meta property=\"og:url\" content=\"https:\/\/www.birlacarbon.com\/es\/celebrando-50-anos-de-compromiso-en-europa\/\" \/>\n<meta property=\"og:site_name\" content=\"Birla Carbon\" \/>\n<meta property=\"article:published_time\" content=\"2017-06-14T23:42:49+00:00\" \/>\n<meta property=\"article:modified_time\" content=\"2023-05-24T17:13:53+00:00\" \/>\n<meta property=\"og:image\" content=\"https:\/\/www.birlacarbon.com\/wp-content\/uploads\/2017\/06\/banner_370x281_50_years.jpg\" \/>\n\t<meta property=\"og:image:width\" content=\"370\" \/>\n\t<meta property=\"og:image:height\" content=\"281\" \/>\n\t<meta property=\"og:image:type\" content=\"image\/jpeg\" \/>\n<meta name=\"author\" content=\"Birla Carbon\" \/>\n<meta name=\"twitter:card\" content=\"summary_large_image\" \/>\n<meta name=\"twitter:label1\" content=\"Escrito por\" \/>\n\t<meta name=\"twitter:data1\" content=\"Birla Carbon\" \/>\n\t<meta name=\"twitter:label2\" content=\"Tiempo de lectura\" \/>\n\t<meta name=\"twitter:data2\" content=\"5 minutos\" \/>\n<!-- \/ Yoast SEO plugin. -->","yoast_head_json":{"title":"Celebrando 50 a\u00f1os de Compromiso en Europa - Birla Carbon","robots":{"index":"index","follow":"follow","max-snippet":"max-snippet:-1","max-image-preview":"max-image-preview:large","max-video-preview":"max-video-preview:-1"},"canonical":"https:\/\/www.birlacarbon.com\/es\/celebrando-50-anos-de-compromiso-en-europa\/","og_locale":"es_ES","og_type":"article","og_title":"Celebrando 50 a\u00f1os de Compromiso en Europa - Birla Carbon","og_description":"La planta de Birla Carbon en Espa\u00f1a celebr\u00f3 sus 50 aniversario, marcando por su compromiso a largo plazo con la industria del negro de carbono y los clientes en Europa. [\u2026]","og_url":"https:\/\/www.birlacarbon.com\/es\/celebrando-50-anos-de-compromiso-en-europa\/","og_site_name":"Birla Carbon","article_published_time":"2017-06-14T23:42:49+00:00","article_modified_time":"2023-05-24T17:13:53+00:00","og_image":[{"width":370,"height":281,"url":"https:\/\/www.birlacarbon.com\/wp-content\/uploads\/2017\/06\/banner_370x281_50_years.jpg","type":"image\/jpeg"}],"author":"Birla Carbon","twitter_card":"summary_large_image","twitter_misc":{"Escrito por":"Birla Carbon","Tiempo de lectura":"5 minutos"},"schema":{"@context":"https:\/\/schema.org","@graph":[{"@type":"Article","@id":"https:\/\/www.birlacarbon.com\/es\/celebrando-50-anos-de-compromiso-en-europa\/#article","isPartOf":{"@id":"https:\/\/www.birlacarbon.com\/es\/celebrando-50-anos-de-compromiso-en-europa\/"},"author":{"name":"Birla Carbon","@id":"https:\/\/www.birlacarbon.com\/es\/#\/schema\/person\/eb000866d9af364caec96b3a47513fb2"},"headline":"Celebrando 50 a\u00f1os de Compromiso en Europa","datePublished":"2017-06-14T23:42:49+00:00","dateModified":"2023-05-24T17:13:53+00:00","mainEntityOfPage":{"@id":"https:\/\/www.birlacarbon.com\/es\/celebrando-50-anos-de-compromiso-en-europa\/"},"wordCount":2447,"publisher":{"@id":"https:\/\/www.birlacarbon.com\/es\/#organization"},"image":{"@id":"https:\/\/www.birlacarbon.com\/es\/celebrando-50-anos-de-compromiso-en-europa\/#primaryimage"},"thumbnailUrl":"https:\/\/www.birlacarbon.com\/wp-content\/uploads\/2017\/06\/banner_370x281_50_years.jpg","keywords":["Aditya BIrla","Cantabria","CSR","energy cycle","Europe","Jacinto Zarca","John Loudermilk","Miguel Angel Revilla","Rosa Eva Diaz Tezanos","sostenibilidad","Spain","technology","video"],"articleSection":["Sin categorizar","Sustainability","Sustainability Updates"],"inLanguage":"es"},{"@type":"WebPage","@id":"https:\/\/www.birlacarbon.com\/es\/celebrando-50-anos-de-compromiso-en-europa\/","url":"https:\/\/www.birlacarbon.com\/es\/celebrando-50-anos-de-compromiso-en-europa\/","name":"Celebrando 50 a\u00f1os de Compromiso en Europa - Birla Carbon","isPartOf":{"@id":"https:\/\/www.birlacarbon.com\/es\/#website"},"primaryImageOfPage":{"@id":"https:\/\/www.birlacarbon.com\/es\/celebrando-50-anos-de-compromiso-en-europa\/#primaryimage"},"image":{"@id":"https:\/\/www.birlacarbon.com\/es\/celebrando-50-anos-de-compromiso-en-europa\/#primaryimage"},"thumbnailUrl":"https:\/\/www.birlacarbon.com\/wp-content\/uploads\/2017\/06\/banner_370x281_50_years.jpg","datePublished":"2017-06-14T23:42:49+00:00","dateModified":"2023-05-24T17:13:53+00:00","breadcrumb":{"@id":"https:\/\/www.birlacarbon.com\/es\/celebrando-50-anos-de-compromiso-en-europa\/#breadcrumb"},"inLanguage":"es","potentialAction":[{"@type":"ReadAction","target":["https:\/\/www.birlacarbon.com\/es\/celebrando-50-anos-de-compromiso-en-europa\/"]}]},{"@type":"ImageObject","inLanguage":"es","@id":"https:\/\/www.birlacarbon.com\/es\/celebrando-50-anos-de-compromiso-en-europa\/#primaryimage","url":"https:\/\/www.birlacarbon.com\/wp-content\/uploads\/2017\/06\/banner_370x281_50_years.jpg","contentUrl":"https:\/\/www.birlacarbon.com\/wp-content\/uploads\/2017\/06\/banner_370x281_50_years.jpg","width":370,"height":281},{"@type":"BreadcrumbList","@id":"https:\/\/www.birlacarbon.com\/es\/celebrando-50-anos-de-compromiso-en-europa\/#breadcrumb","itemListElement":[{"@type":"ListItem","position":1,"name":"Home","item":"https:\/\/www.birlacarbon.com\/es\/"},{"@type":"ListItem","position":2,"name":"Celebrando 50 a\u00f1os de Compromiso en Europa"}]},{"@type":"WebSite","@id":"https:\/\/www.birlacarbon.com\/es\/#website","url":"https:\/\/www.birlacarbon.com\/es\/","name":"Birla Carbon","description":"Birla Carbon","publisher":{"@id":"https:\/\/www.birlacarbon.com\/es\/#organization"},"potentialAction":[{"@type":"SearchAction","target":{"@type":"EntryPoint","urlTemplate":"https:\/\/www.birlacarbon.com\/es\/?s={search_term_string}"},"query-input":{"@type":"PropertyValueSpecification","valueRequired":true,"valueName":"search_term_string"}}],"inLanguage":"es"},{"@type":"Organization","@id":"https:\/\/www.birlacarbon.com\/es\/#organization","name":"Birla Carbon","url":"https:\/\/www.birlacarbon.com\/es\/","logo":{"@type":"ImageObject","inLanguage":"es","@id":"https:\/\/www.birlacarbon.com\/es\/#\/schema\/logo\/image\/","url":"https:\/\/www.birlacarbon.com\/wp-content\/uploads\/2017\/01\/aditya-birla-logo-retina.png","contentUrl":"https:\/\/www.birlacarbon.com\/wp-content\/uploads\/2017\/01\/aditya-birla-logo-retina.png","width":190,"height":182,"caption":"Birla Carbon"},"image":{"@id":"https:\/\/www.birlacarbon.com\/es\/#\/schema\/logo\/image\/"}},{"@type":"Person","@id":"https:\/\/www.birlacarbon.com\/es\/#\/schema\/person\/eb000866d9af364caec96b3a47513fb2","name":"Birla Carbon"}]}},"_links":{"self":[{"href":"https:\/\/www.birlacarbon.com\/es\/wp-json\/wp\/v2\/posts\/3721","targetHints":{"allow":["GET"]}}],"collection":[{"href":"https:\/\/www.birlacarbon.com\/es\/wp-json\/wp\/v2\/posts"}],"about":[{"href":"https:\/\/www.birlacarbon.com\/es\/wp-json\/wp\/v2\/types\/post"}],"author":[{"embeddable":true,"href":"https:\/\/www.birlacarbon.com\/es\/wp-json\/wp\/v2\/users\/16"}],"replies":[{"embeddable":true,"href":"https:\/\/www.birlacarbon.com\/es\/wp-json\/wp\/v2\/comments?post=3721"}],"version-history":[{"count":0,"href":"https:\/\/www.birlacarbon.com\/es\/wp-json\/wp\/v2\/posts\/3721\/revisions"}],"wp:featuredmedia":[{"embeddable":true,"href":"https:\/\/www.birlacarbon.com\/es\/wp-json\/wp\/v2\/media\/3722"}],"wp:attachment":[{"href":"https:\/\/www.birlacarbon.com\/es\/wp-json\/wp\/v2\/media?parent=3721"}],"wp:term":[{"taxonomy":"category","embeddable":true,"href":"https:\/\/www.birlacarbon.com\/es\/wp-json\/wp\/v2\/categories?post=3721"},{"taxonomy":"post_tag","embeddable":true,"href":"https:\/\/www.birlacarbon.com\/es\/wp-json\/wp\/v2\/tags?post=3721"}],"curies":[{"name":"wp","href":"https:\/\/api.w.org\/{rel}","templated":true}]}}