{"id":4564,"date":"2018-10-31T16:57:20","date_gmt":"2018-10-31T16:57:20","guid":{"rendered":"http:\/\/birlacarbon.com\/?p=4564"},"modified":"2018-11-06T10:50:45","modified_gmt":"2018-11-06T10:50:45","slug":"birla-carbon-celebra-60-anos-de-operaciones-en-brasil","status":"publish","type":"post","link":"https:\/\/www.birlacarbon.com\/es\/birla-carbon-celebra-60-anos-de-operaciones-en-brasil\/","title":{"rendered":"Birla Carbon celebra 60 a\u00f1os de operaciones en Brasil"},"content":{"rendered":"<div class=\"fusion-fullwidth fullwidth-box fusion-builder-row-1 nonhundred-percent-fullwidth non-hundred-percent-height-scrolling cb-interior-main\" style=\"--awb-border-radius-top-left:0px;--awb-border-radius-top-right:0px;--awb-border-radius-bottom-right:0px;--awb-border-radius-bottom-left:0px;--awb-padding-top:5%;--awb-padding-right:5%;--awb-padding-bottom:2%;--awb-padding-left:5%;--awb-border-sizes-top:0px;--awb-border-sizes-bottom:0px;--awb-flex-wrap:wrap;\" ><div class=\"fusion-builder-row fusion-row\"><div class=\"fusion-layout-column fusion_builder_column fusion-builder-column-0 fusion_builder_column_2_3 2_3 fusion-two-third fusion-column-first\" style=\"--awb-padding-top:100px;--awb-padding-right:20px;--awb-padding-bottom:0px;--awb-padding-left:0px;--awb-bg-size:cover;--awb-margin-bottom:0px;width:65.3333%; margin-right: 4%;\"><div class=\"fusion-column-wrapper fusion-flex-column-wrapper-legacy\"><div class=\"fusion-title title fusion-title-1 fusion-sep-none fusion-title-text fusion-title-size-one\" style=\"--awb-margin-bottom:20px;--awb-margin-top-small:0px;--awb-margin-right-small:0px;--awb-margin-bottom-small:20px;--awb-margin-left-small:0px;\"><h1 class=\"fusion-title-heading title-heading-left fusion-responsive-typography-calculated\" style=\"margin:0;--fontSize:60;line-height:1.25;\">Birla Carbon celebra 60 a\u00f1os de operaciones en Brasil<\/h1><\/div><div class=\"fusion-clearfix\"><\/div><\/div><\/div><div class=\"fusion-layout-column fusion_builder_column fusion-builder-column-1 fusion_builder_column_1_1 1_1 fusion-one-full fusion-column-last\" style=\"--awb-bg-size:cover;\"><div class=\"fusion-column-wrapper fusion-flex-column-wrapper-legacy\"><div class=\"fusion-text fusion-text-1\"><p>S\u00e3o Paulo, Brasil, 31 de octubre de 2018<\/p>\n<p>Birla Carbon, el mayor productor de negro de carbono del mundo, ha cumplido 60 a\u00f1os de operaciones en Brasil en octubre de 2018. La divisi\u00f3n de Am\u00e9rica del Sur de Birla Carbon conmemor\u00f3 el evento celebrando el 60o aniversario de su planta en Cubat\u00e3o, una ciudad del estado de S\u00e3o Paulo, a 12 kil\u00f3metros de la ciudad portuaria de Santos.<\/p>\n<p>Al compartir su opini\u00f3n acerca de la ocasi\u00f3n, John Loudermilk, Jefe de Operaciones de Birla Carbon, dijo: \u201cComo productor l\u00edder mundial de negro de carbono, Birla Carbon se alegra de poder servir a clientes de cualquier parte del mundo. Somos una de las primeras empresas globales de negro de carbono que opera en Brasil\u201d. Tambi\u00e9n a\u00f1adi\u00f3: \u201cLa dedicaci\u00f3n continua de Birla Carbon con la industria del negro de carbono y la regi\u00f3n de Am\u00e9rica del Sur puede verse con el logro de este hito. Seguimos fieles a nuestro prop\u00f3sito, \u2018Compartir la fortaleza\u2019, mediante nuestro compromiso para convertirnos en el proveedor mundial elegido por nuestros clientes y socios.\u201d<\/p>\n<p>Hablando del aniversario, Ronaldo Duarte, Presidente de la divisi\u00f3n de Am\u00e9rica del Sur de Birla Carbon, dijo: \u201cDesde el principio, Birla Carbon ha apoyado las crecientes demandas de los clientes y las fluctuaciones econ\u00f3micas de la regi\u00f3n. El logro de este hito significa mucho para las personas que han dedicado a\u00f1os a construir unos cimientos s\u00f3lidos para el negocio en Am\u00e9rica del Sur\u201d. Tambi\u00e9n a\u00f1adi\u00f3: \u201cCuando se construy\u00f3 la planta de Cubat\u00e3o, era una instalaci\u00f3n de fabricaci\u00f3n de vanguardia. Durante las \u00faltimas seis d\u00e9cadas, la planta ha evolucionado y se ha adaptado para convertirse en una instalaci\u00f3n de clase mundial y satisfacer las crecientes demandas de la industria. En la actualidad, la planta de Cubat\u00e3o es una de las unidades m\u00e1s seguras y sostenibles de Birla Carbon\u201d.<\/p>\n<p>La planta de Cubat\u00e3o de Birla Carbon comenz\u00f3 sus operaciones en 1958. La planta tiene una capacidad de producci\u00f3n de 150.000 toneladas anuales de negro de carbono de alta calidad. La funci\u00f3n principal de la planta es respaldar los requisitos de negro de carbono para uso local y regional. La planta tambi\u00e9n produce su propia energ\u00eda mediante una instalaci\u00f3n de cogeneraci\u00f3n dentro de sus terrenos.<\/p>\n<p>Durante los \u00faltimos 60 a\u00f1os, la planta se ha centrado en iniciativas de sostenibilidad y comunitarias celebrando programas de voluntariado para contribuir a la sociedad y a sus empleados. La planta ha implementado proyectos y programas para fomentar una reducci\u00f3n del consumo de agua, una mayor eficacia energ\u00e9tica y mayores capacidades productivas manteni\u00e9ndose siempre centrada en la seguridad de sus empelados, contratistas y proveedores en la planta.<\/p>\n<p>Como parte de sus iniciativas de responsabilidad social corporativa, la planta sigue respaldando la educaci\u00f3n de los ni\u00f1os y la sanidad de las mujeres. Desde 2015, los empleados de la planta han mantenido una participaci\u00f3n peri\u00f3dica con estudiantes de instituto, realizando charlas acerca de la importancia de la tecnolog\u00eda y la industria qu\u00edmica.<\/p>\n<p>La planta de Birla Carbon de Cubat\u00e3o es miembro activo de la ABIQUIM (Asociaci\u00f3n Brasile\u00f1a de la Industria Qu\u00edmica) y la CIESP (Centro de Industrias del Estado de S\u00e3o Paulo) y est\u00e1 reconocida con los certificados ISO 9001\/ISO 14001\/OHSAS 18001 e ISO TS 16949.<\/p>\n<p><strong>Acerca de Birla Carbon<\/strong><\/p>\n<p>Birla Carbon es uno de los productores y proveedores de negro de carbono de alta calidad m\u00e1s grandes del mundo, y una empresa principal del Grupo Aditya Birla de 44.3 mil millones de d\u00f3lares. La huella de la Empresa se extiende a trav\u00e9s de 12 pa\u00edses con 16 instalaciones productivas. Birla Carbon proporciona una cartera completa de productos a trav\u00e9s de calibres ASTM y negros de carbono de especialidades para cumplir con los requerimientos finales espec\u00edficos de las industrias de los Neum\u00e1ticos, Cauchos, Pl\u00e1sticos, Recubrimientos, Tintas y otras..<\/p>\n<p>Birla Carbon cuenta con dos centros de tecnolog\u00eda de \u00faltima generaci\u00f3n en Marietta (EE.UU.) y Taloja (India), adem\u00e1s de laboratorios bien equipados en todas sus unidades de fabricaci\u00f3n, proporcionando I+D continuo. Como asiduo practicante del desarrollo sostenibnle, la estrategia de Excelencia Operacional Sostenible (SOE) de Birla Carbon est\u00e1 enfocada en la seguridad del empleado, la gesti\u00f3n medioambiental, el uso eficiente de los recursos del carb\u00f3n, y un enfoque clave en realizar operaciones de manera social y \u00e9ticamente responsable.<\/p>\n<p>El Prop\u00f3sito de Birla Carbon \u2013\u201cCompartir la fortaleza\u201d, tiene que ver con liderazgo equilibrado y compartido, trabajando a nivel de producto para innovar soluciones revolucionarias a trav\u00e9s de la colaboraci\u00f3n con su gente, clientes y comunidades, y respaldado por sus conocimientos construidos en todo un siglo.<\/p>\n<p>Para obtener m\u00e1s informaci\u00f3n, visite: <a href=\"https:\/\/birlacarbon.com\/\">www.birlacarbon.com<\/a> or<\/p>\n<p>env\u00ede un correo electr\u00f3nico a: <a href=\"mailto:birlacarbon.communications@adityabirla.com\">birlacarbon.communications@adityabirla.com<\/a><\/p>\n<\/div><div class=\"fusion-widget-area awb-widget-area-element fusion-widget-area-1 fusion-content-widget-area\" style=\"--awb-title-size:22px;--awb-title-color:#000000;--awb-padding:0px 0px 0px 0px;\"><div id=\"text-31\" class=\"widget widget_text\">\t\t\t<div class=\"textwidget\"> <p><a href=\"https:\/\/www.birlacarbon.com\/es\/notas-de-prensa\/\" class=\"leader-back\">\t&laquo; Volver a Notas de Prensa<\/a><\/p><\/div>\n\t\t<\/div><div class=\"fusion-additional-widget-content\"><\/div><\/div><div class=\"fusion-clearfix\"><\/div><\/div><\/div><\/div><\/div>\n","protected":false},"excerpt":{"rendered":"","protected":false},"author":10,"featured_media":0,"comment_status":"closed","ping_status":"open","sticky":false,"template":"","format":"standard","meta":{"_acf_changed":false,"_monsterinsights_skip_tracking":false,"_monsterinsights_sitenote_active":false,"_monsterinsights_sitenote_note":"","_monsterinsights_sitenote_category":0,"footnotes":""},"categories":[389],"tags":[],"class_list":["post-4564","post","type-post","status-publish","format-standard","hentry","category-press-es"],"acf":false,"yoast_head":"<!-- This site is optimized with the Yoast SEO plugin v27.4 - https:\/\/yoast.com\/product\/yoast-seo-wordpress\/ -->\n<title>Birla Carbon celebra 60 a\u00f1os de operaciones en Brasil - Birla Carbon<\/title>\n<meta name=\"robots\" content=\"index, follow, max-snippet:-1, max-image-preview:large, max-video-preview:-1\" \/>\n<link rel=\"canonical\" href=\"https:\/\/www.birlacarbon.com\/es\/birla-carbon-celebra-60-anos-de-operaciones-en-brasil\/\" \/>\n<meta property=\"og:locale\" content=\"es_ES\" \/>\n<meta property=\"og:type\" content=\"article\" \/>\n<meta property=\"og:title\" content=\"Birla Carbon celebra 60 a\u00f1os de operaciones en Brasil - Birla Carbon\" \/>\n<meta property=\"og:url\" content=\"https:\/\/www.birlacarbon.com\/es\/birla-carbon-celebra-60-anos-de-operaciones-en-brasil\/\" \/>\n<meta property=\"og:site_name\" content=\"Birla Carbon\" \/>\n<meta property=\"article:published_time\" content=\"2018-10-31T16:57:20+00:00\" \/>\n<meta property=\"article:modified_time\" content=\"2018-11-06T10:50:45+00:00\" \/>\n<meta name=\"author\" content=\"Manoj Nair\" \/>\n<meta name=\"twitter:card\" content=\"summary_large_image\" \/>\n<meta name=\"twitter:label1\" content=\"Escrito por\" \/>\n\t<meta name=\"twitter:data1\" content=\"Manoj Nair\" \/>\n\t<meta name=\"twitter:label2\" content=\"Tiempo de lectura\" \/>\n\t<meta name=\"twitter:data2\" content=\"5 minutos\" \/>\n<!-- \/ Yoast SEO plugin. -->","yoast_head_json":{"title":"Birla Carbon celebra 60 a\u00f1os de operaciones en Brasil - Birla Carbon","robots":{"index":"index","follow":"follow","max-snippet":"max-snippet:-1","max-image-preview":"max-image-preview:large","max-video-preview":"max-video-preview:-1"},"canonical":"https:\/\/www.birlacarbon.com\/es\/birla-carbon-celebra-60-anos-de-operaciones-en-brasil\/","og_locale":"es_ES","og_type":"article","og_title":"Birla Carbon celebra 60 a\u00f1os de operaciones en Brasil - Birla Carbon","og_url":"https:\/\/www.birlacarbon.com\/es\/birla-carbon-celebra-60-anos-de-operaciones-en-brasil\/","og_site_name":"Birla Carbon","article_published_time":"2018-10-31T16:57:20+00:00","article_modified_time":"2018-11-06T10:50:45+00:00","author":"Manoj Nair","twitter_card":"summary_large_image","twitter_misc":{"Escrito por":"Manoj Nair","Tiempo de lectura":"5 minutos"},"schema":{"@context":"https:\/\/schema.org","@graph":[{"@type":"Article","@id":"https:\/\/www.birlacarbon.com\/es\/birla-carbon-celebra-60-anos-de-operaciones-en-brasil\/#article","isPartOf":{"@id":"https:\/\/www.birlacarbon.com\/es\/birla-carbon-celebra-60-anos-de-operaciones-en-brasil\/"},"author":{"name":"Manoj Nair","@id":"https:\/\/www.birlacarbon.com\/es\/#\/schema\/person\/27fd68d8ad70c2f57acb27ba7bfaa5a1"},"headline":"Birla Carbon celebra 60 a\u00f1os de operaciones en Brasil","datePublished":"2018-10-31T16:57:20+00:00","dateModified":"2018-11-06T10:50:45+00:00","mainEntityOfPage":{"@id":"https:\/\/www.birlacarbon.com\/es\/birla-carbon-celebra-60-anos-de-operaciones-en-brasil\/"},"wordCount":1091,"publisher":{"@id":"https:\/\/www.birlacarbon.com\/es\/#organization"},"articleSection":["Press"],"inLanguage":"es"},{"@type":"WebPage","@id":"https:\/\/www.birlacarbon.com\/es\/birla-carbon-celebra-60-anos-de-operaciones-en-brasil\/","url":"https:\/\/www.birlacarbon.com\/es\/birla-carbon-celebra-60-anos-de-operaciones-en-brasil\/","name":"Birla Carbon celebra 60 a\u00f1os de operaciones en Brasil - Birla Carbon","isPartOf":{"@id":"https:\/\/www.birlacarbon.com\/es\/#website"},"datePublished":"2018-10-31T16:57:20+00:00","dateModified":"2018-11-06T10:50:45+00:00","breadcrumb":{"@id":"https:\/\/www.birlacarbon.com\/es\/birla-carbon-celebra-60-anos-de-operaciones-en-brasil\/#breadcrumb"},"inLanguage":"es","potentialAction":[{"@type":"ReadAction","target":["https:\/\/www.birlacarbon.com\/es\/birla-carbon-celebra-60-anos-de-operaciones-en-brasil\/"]}]},{"@type":"BreadcrumbList","@id":"https:\/\/www.birlacarbon.com\/es\/birla-carbon-celebra-60-anos-de-operaciones-en-brasil\/#breadcrumb","itemListElement":[{"@type":"ListItem","position":1,"name":"Home","item":"https:\/\/www.birlacarbon.com\/es\/"},{"@type":"ListItem","position":2,"name":"Birla Carbon celebra 60 a\u00f1os de operaciones en Brasil"}]},{"@type":"WebSite","@id":"https:\/\/www.birlacarbon.com\/es\/#website","url":"https:\/\/www.birlacarbon.com\/es\/","name":"Birla Carbon","description":"Birla Carbon","publisher":{"@id":"https:\/\/www.birlacarbon.com\/es\/#organization"},"potentialAction":[{"@type":"SearchAction","target":{"@type":"EntryPoint","urlTemplate":"https:\/\/www.birlacarbon.com\/es\/?s={search_term_string}"},"query-input":{"@type":"PropertyValueSpecification","valueRequired":true,"valueName":"search_term_string"}}],"inLanguage":"es"},{"@type":"Organization","@id":"https:\/\/www.birlacarbon.com\/es\/#organization","name":"Birla Carbon","url":"https:\/\/www.birlacarbon.com\/es\/","logo":{"@type":"ImageObject","inLanguage":"es","@id":"https:\/\/www.birlacarbon.com\/es\/#\/schema\/logo\/image\/","url":"https:\/\/www.birlacarbon.com\/wp-content\/uploads\/2017\/01\/aditya-birla-logo-retina.png","contentUrl":"https:\/\/www.birlacarbon.com\/wp-content\/uploads\/2017\/01\/aditya-birla-logo-retina.png","width":190,"height":182,"caption":"Birla Carbon"},"image":{"@id":"https:\/\/www.birlacarbon.com\/es\/#\/schema\/logo\/image\/"}},{"@type":"Person","@id":"https:\/\/www.birlacarbon.com\/es\/#\/schema\/person\/27fd68d8ad70c2f57acb27ba7bfaa5a1","name":"Manoj Nair"}]}},"_links":{"self":[{"href":"https:\/\/www.birlacarbon.com\/es\/wp-json\/wp\/v2\/posts\/4564","targetHints":{"allow":["GET"]}}],"collection":[{"href":"https:\/\/www.birlacarbon.com\/es\/wp-json\/wp\/v2\/posts"}],"about":[{"href":"https:\/\/www.birlacarbon.com\/es\/wp-json\/wp\/v2\/types\/post"}],"author":[{"embeddable":true,"href":"https:\/\/www.birlacarbon.com\/es\/wp-json\/wp\/v2\/users\/10"}],"replies":[{"embeddable":true,"href":"https:\/\/www.birlacarbon.com\/es\/wp-json\/wp\/v2\/comments?post=4564"}],"version-history":[{"count":0,"href":"https:\/\/www.birlacarbon.com\/es\/wp-json\/wp\/v2\/posts\/4564\/revisions"}],"wp:attachment":[{"href":"https:\/\/www.birlacarbon.com\/es\/wp-json\/wp\/v2\/media?parent=4564"}],"wp:term":[{"taxonomy":"category","embeddable":true,"href":"https:\/\/www.birlacarbon.com\/es\/wp-json\/wp\/v2\/categories?post=4564"},{"taxonomy":"post_tag","embeddable":true,"href":"https:\/\/www.birlacarbon.com\/es\/wp-json\/wp\/v2\/tags?post=4564"}],"curies":[{"name":"wp","href":"https:\/\/api.w.org\/{rel}","templated":true}]}}