{"id":6174,"date":"2020-01-06T19:15:28","date_gmt":"2020-01-06T19:15:28","guid":{"rendered":"https:\/\/birlastaging.wpengine.com\/?p=6174"},"modified":"2021-02-06T18:27:59","modified_gmt":"2021-02-06T18:27:59","slug":"birla-carbon-cubatao-compartio-perspectivas-laborales-con-estudiantes","status":"publish","type":"post","link":"https:\/\/www.birlacarbon.com\/es\/birla-carbon-cubatao-compartio-perspectivas-laborales-con-estudiantes\/","title":{"rendered":"Birla Carbon Cubat\u00e3o comparti\u00f3 perspectivas laborales con estudiantes"},"content":{"rendered":"<div class=\"fusion-fullwidth fullwidth-box fusion-builder-row-1 nonhundred-percent-fullwidth non-hundred-percent-height-scrolling cb-interior-main\" style=\"--awb-border-radius-top-left:0px;--awb-border-radius-top-right:0px;--awb-border-radius-bottom-right:0px;--awb-border-radius-bottom-left:0px;--awb-padding-top:5%;--awb-padding-right:5%;--awb-padding-bottom:2%;--awb-padding-left:5%;--awb-border-sizes-top:0px;--awb-border-sizes-bottom:0px;--awb-flex-wrap:wrap;\" ><div class=\"fusion-builder-row fusion-row\"><div class=\"fusion-layout-column fusion_builder_column fusion-builder-column-0 fusion_builder_column_2_3 2_3 fusion-two-third fusion-column-first\" style=\"--awb-padding-top:100px;--awb-padding-right:20px;--awb-padding-bottom:0px;--awb-padding-left:0px;--awb-bg-size:cover;--awb-margin-bottom:0px;width:65.3333%; margin-right: 4%;\"><div class=\"fusion-column-wrapper fusion-flex-column-wrapper-legacy\"><div class=\"fusion-title title fusion-title-1 fusion-sep-none fusion-title-text fusion-title-size-one\" style=\"--awb-margin-bottom:20px;--awb-margin-top-small:0px;--awb-margin-right-small:0px;--awb-margin-bottom-small:20px;--awb-margin-left-small:0px;\"><h1 class=\"fusion-title-heading title-heading-left fusion-responsive-typography-calculated\" style=\"margin:0;--fontSize:60;line-height:1.25;\"><h1><strong>Birla Carbon Cubat\u00e3o comparti\u00f3 perspectivas laborales con estudiantes  <\/strong><\/h1><\/h1><\/div><div class=\"fusion-clearfix\"><\/div><\/div><\/div><div class=\"fusion-layout-column fusion_builder_column fusion-builder-column-1 fusion_builder_column_1_1 1_1 fusion-one-full fusion-column-last\" style=\"--awb-bg-size:cover;\"><div class=\"fusion-column-wrapper fusion-flex-column-wrapper-legacy\"><div class=\"fusion-text fusion-text-1\"><p style=\"text-align: center;\"><a href=\"https:\/\/www.birlacarbon.com\/wp-content\/uploads\/2020\/01\/Picture1-4.png\"><img decoding=\"async\" class=\"alignnone size-full wp-image-6121\" src=\"https:\/\/www.birlacarbon.com\/wp-content\/uploads\/2020\/01\/Picture1-4.png\" alt=\"Birla Carbon Cubatao shared career prospects with students\" width=\"575\" height=\"350\" srcset=\"https:\/\/www.birlacarbon.com\/wp-content\/uploads\/2020\/01\/Picture1-4-200x122.png 200w, https:\/\/www.birlacarbon.com\/wp-content\/uploads\/2020\/01\/Picture1-4-300x183.png 300w, https:\/\/www.birlacarbon.com\/wp-content\/uploads\/2020\/01\/Picture1-4-400x243.png 400w, https:\/\/www.birlacarbon.com\/wp-content\/uploads\/2020\/01\/Picture1-4.png 575w\" sizes=\"(max-width: 575px) 100vw, 575px\" \/><\/a><\/p>\n<p><a href=\"https:\/\/www.birlacarbon.com\/wp-content\/uploads\/2020\/01\/Picture1-5.png\"><img decoding=\"async\" class=\"size-full wp-image-6125 alignleft\" src=\"https:\/\/www.birlacarbon.com\/wp-content\/uploads\/2020\/01\/Picture1-5.png\" alt=\"Voluntario De Valor\" width=\"183\" height=\"100\" \/><\/a><\/p>\n<p>El 23 de octubre de 2019, se organiz\u00f3 un programa de voluntarios en el que CAMP, socios en la inserci\u00f3n de j\u00f3venes aprendices en el mercado laboral de la ciudad de Cubat\u00e3o, recibi\u00f3 una charla acerca de &#8216;C\u00f3mo prepararse para la primera entrevista de trabajo&#8217;. En esta sesi\u00f3n, los voluntarios de Birla Carbon Cubat\u00e3o dieron charlas acerca de diversas perspectivas laborales y qu\u00e9 esperar de las entrevistas de trabajo. El voluntario de Birla Carbon Cubat\u00e3o, Marcela Santos, Supervisora de RR. HH., present\u00f3 una sesi\u00f3n acerca de las t\u00e9cnicas de conducta en los procesos de reclutamiento y el curr\u00edculo necesario para garantizar el \u00e9xito de la misma. <\/p>\n<p>Los nuevos voluntarios de Birla Carbon Cubat\u00e3o, Robson Alvarenga de Log\u00edstica y Luciana Ferreira, Analista de Recursos Humanos, tambi\u00e9n formaron parte del programa de voluntarios.<a href=\"https:\/\/www.birlacarbon.com\/wp-content\/uploads\/2020\/01\/Picture1-6.png\"><br \/>\n<img decoding=\"async\" class=\"size-full wp-image-6129 alignleft\" src=\"https:\/\/www.birlacarbon.com\/wp-content\/uploads\/2020\/01\/Picture1-6.png\" alt=\"Birla Carbon Cubatao shared career prospects with students\" width=\"456\" height=\"325\" srcset=\"https:\/\/www.birlacarbon.com\/wp-content\/uploads\/2020\/01\/Picture1-6-200x143.png 200w, https:\/\/www.birlacarbon.com\/wp-content\/uploads\/2020\/01\/Picture1-6-300x214.png 300w, https:\/\/www.birlacarbon.com\/wp-content\/uploads\/2020\/01\/Picture1-6-400x285.png 400w, https:\/\/www.birlacarbon.com\/wp-content\/uploads\/2020\/01\/Picture1-6.png 456w\" sizes=\"(max-width: 456px) 100vw, 456px\" \/><\/a>Birla Carbon Cubat\u00e3o organiz\u00f3 otro programa que se celebr\u00f3 durante la misma semana donde voluntarios hablaron de los desaf\u00edos de las redes sociales (en el mundo del ciberacoso) y en el mercado laboral.<\/p>\n<p>Otro grupo de estudiantes de CAMP tuvo la oportunidad de participar en la charla realizada por Marcus Vinicius dos Santos, de Ingenier\u00eda de Procesos, Birla Carbon Cubat\u00e3o, donde trat\u00f3 aspectos relacionados con su propia carrera en Birla Carbon y cre\u00f3 conciencia entre la joven audiencia acerca de sus acciones y conductas en la esfera profesional para el futuro.<\/p>\n<p><strong>Algunas reacciones de nuestros voluntarios <\/strong> \u2013<\/p>\n<p>\u00abSiempre es una buena experiencia salir de la rutina diaria y compartir conocimientos con estos j\u00f3venes haciendo voluntariado. Con este programa, espero que los estudiantes de CAMP hayan adquirido conocimientos importantes que les ayuden en su trabajo profesional en el futuro\u00bb.- Marcela Matias<\/p>\n<p>\u00abFue una oportunidad excelente para interactuar con estos j\u00f3venes talentosos que viven y se desarrollan a diario para la vida corporativa del ma\u00f1ana\u00bb. &#8211; Robson Alvarenga<\/p>\n<p>\u00abLa sesi\u00f3n fue muy interesante y me alegra verlos entusiastas acerca de su futuro. Espero que elijan sus carreras con detenimiento y una fuerte creencia y dedicaci\u00f3n\u00bb. &#8211; Marcus Vinicius<\/p>\n<\/div><div class=\"fusion-widget-area awb-widget-area-element fusion-widget-area-1 fusion-content-widget-area\" style=\"--awb-title-size:22px;--awb-title-color:#000000;--awb-padding:0px 0px 0px 0px;\"><div id=\"text-37\" class=\"widget widget_text\" style=\"border-style: solid;border-color:transparent;border-width:0px;\">\t\t\t<div class=\"textwidget\"><a class=\"leaders-back\" href=\"https:\/\/www.birlacarbon.com\/corporate-social-responsibility\/\"> \u00ab Back to Corporate Social Responsibility<\/a><\/div>\n\t\t<\/div><div class=\"fusion-additional-widget-content\"><\/div><\/div><div class=\"fusion-clearfix\"><\/div><\/div><\/div><\/div><\/div>\n","protected":false},"excerpt":{"rendered":"<p>\u00abLa sesi\u00f3n fue muy interesante y me alegra verlos entusiastas acerca de su futuro. Espero que elijan sus carreras con detenimiento y una fuerte creencia y dedicaci\u00f3n\u00bb. &#8211; Marcus Vinicius<\/p>\n","protected":false},"author":10,"featured_media":6124,"comment_status":"closed","ping_status":"open","sticky":false,"template":"","format":"standard","meta":{"_acf_changed":false,"_monsterinsights_skip_tracking":false,"_monsterinsights_sitenote_active":false,"_monsterinsights_sitenote_note":"","_monsterinsights_sitenote_category":0,"footnotes":""},"categories":[508],"tags":[],"class_list":["post-6174","post","type-post","status-publish","format-standard","has-post-thumbnail","hentry","category-comunidades"],"acf":false,"yoast_head":"<!-- This site is optimized with the Yoast SEO plugin v27.4 - https:\/\/yoast.com\/product\/yoast-seo-wordpress\/ -->\n<title>Birla Carbon Cubat\u00e3o comparti\u00f3 perspectivas laborales con estudiantes - Birla Carbon<\/title>\n<meta name=\"robots\" content=\"index, follow, max-snippet:-1, max-image-preview:large, max-video-preview:-1\" \/>\n<link rel=\"canonical\" href=\"https:\/\/www.birlacarbon.com\/es\/birla-carbon-cubatao-compartio-perspectivas-laborales-con-estudiantes\/\" \/>\n<meta property=\"og:locale\" content=\"es_ES\" \/>\n<meta property=\"og:type\" content=\"article\" \/>\n<meta property=\"og:title\" content=\"Birla Carbon Cubat\u00e3o comparti\u00f3 perspectivas laborales con estudiantes - Birla Carbon\" \/>\n<meta property=\"og:description\" content=\"&quot;La sesi\u00f3n fue muy interesante y me alegra verlos entusiastas acerca de su futuro. Espero que elijan sus carreras con detenimiento y una fuerte creencia y dedicaci\u00f3n&quot;. - Marcus Vinicius\" \/>\n<meta property=\"og:url\" content=\"https:\/\/www.birlacarbon.com\/es\/birla-carbon-cubatao-compartio-perspectivas-laborales-con-estudiantes\/\" \/>\n<meta property=\"og:site_name\" content=\"Birla Carbon\" \/>\n<meta property=\"article:published_time\" content=\"2020-01-06T19:15:28+00:00\" \/>\n<meta property=\"article:modified_time\" content=\"2021-02-06T18:27:59+00:00\" \/>\n<meta property=\"og:image\" content=\"https:\/\/www.birlacarbon.com\/wp-content\/uploads\/2020\/01\/Picture1-4.png\" \/>\n\t<meta property=\"og:image:width\" content=\"575\" \/>\n\t<meta property=\"og:image:height\" content=\"350\" \/>\n\t<meta property=\"og:image:type\" content=\"image\/png\" \/>\n<meta name=\"author\" content=\"Manoj Nair\" \/>\n<meta name=\"twitter:card\" content=\"summary_large_image\" \/>\n<meta name=\"twitter:label1\" content=\"Escrito por\" \/>\n\t<meta name=\"twitter:data1\" content=\"Manoj Nair\" \/>\n\t<meta name=\"twitter:label2\" content=\"Tiempo de lectura\" \/>\n\t<meta name=\"twitter:data2\" content=\"3 minutos\" \/>\n<!-- \/ Yoast SEO plugin. -->","yoast_head_json":{"title":"Birla Carbon Cubat\u00e3o comparti\u00f3 perspectivas laborales con estudiantes - Birla Carbon","robots":{"index":"index","follow":"follow","max-snippet":"max-snippet:-1","max-image-preview":"max-image-preview:large","max-video-preview":"max-video-preview:-1"},"canonical":"https:\/\/www.birlacarbon.com\/es\/birla-carbon-cubatao-compartio-perspectivas-laborales-con-estudiantes\/","og_locale":"es_ES","og_type":"article","og_title":"Birla Carbon Cubat\u00e3o comparti\u00f3 perspectivas laborales con estudiantes - Birla Carbon","og_description":"\"La sesi\u00f3n fue muy interesante y me alegra verlos entusiastas acerca de su futuro. Espero que elijan sus carreras con detenimiento y una fuerte creencia y dedicaci\u00f3n\". - Marcus Vinicius","og_url":"https:\/\/www.birlacarbon.com\/es\/birla-carbon-cubatao-compartio-perspectivas-laborales-con-estudiantes\/","og_site_name":"Birla Carbon","article_published_time":"2020-01-06T19:15:28+00:00","article_modified_time":"2021-02-06T18:27:59+00:00","og_image":[{"width":575,"height":350,"url":"https:\/\/www.birlacarbon.com\/wp-content\/uploads\/2020\/01\/Picture1-4.png","type":"image\/png"}],"author":"Manoj Nair","twitter_card":"summary_large_image","twitter_misc":{"Escrito por":"Manoj Nair","Tiempo de lectura":"3 minutos"},"schema":{"@context":"https:\/\/schema.org","@graph":[{"@type":"Article","@id":"https:\/\/www.birlacarbon.com\/es\/birla-carbon-cubatao-compartio-perspectivas-laborales-con-estudiantes\/#article","isPartOf":{"@id":"https:\/\/www.birlacarbon.com\/es\/birla-carbon-cubatao-compartio-perspectivas-laborales-con-estudiantes\/"},"author":{"name":"Manoj Nair","@id":"https:\/\/www.birlacarbon.com\/es\/#\/schema\/person\/27fd68d8ad70c2f57acb27ba7bfaa5a1"},"headline":"Birla Carbon Cubat\u00e3o comparti\u00f3 perspectivas laborales con estudiantes","datePublished":"2020-01-06T19:15:28+00:00","dateModified":"2021-02-06T18:27:59+00:00","mainEntityOfPage":{"@id":"https:\/\/www.birlacarbon.com\/es\/birla-carbon-cubatao-compartio-perspectivas-laborales-con-estudiantes\/"},"wordCount":707,"publisher":{"@id":"https:\/\/www.birlacarbon.com\/es\/#organization"},"image":{"@id":"https:\/\/www.birlacarbon.com\/es\/birla-carbon-cubatao-compartio-perspectivas-laborales-con-estudiantes\/#primaryimage"},"thumbnailUrl":"https:\/\/www.birlacarbon.com\/wp-content\/uploads\/2020\/01\/Picture1-4.png","articleSection":["comunidades"],"inLanguage":"es"},{"@type":"WebPage","@id":"https:\/\/www.birlacarbon.com\/es\/birla-carbon-cubatao-compartio-perspectivas-laborales-con-estudiantes\/","url":"https:\/\/www.birlacarbon.com\/es\/birla-carbon-cubatao-compartio-perspectivas-laborales-con-estudiantes\/","name":"Birla Carbon Cubat\u00e3o comparti\u00f3 perspectivas laborales con estudiantes - Birla Carbon","isPartOf":{"@id":"https:\/\/www.birlacarbon.com\/es\/#website"},"primaryImageOfPage":{"@id":"https:\/\/www.birlacarbon.com\/es\/birla-carbon-cubatao-compartio-perspectivas-laborales-con-estudiantes\/#primaryimage"},"image":{"@id":"https:\/\/www.birlacarbon.com\/es\/birla-carbon-cubatao-compartio-perspectivas-laborales-con-estudiantes\/#primaryimage"},"thumbnailUrl":"https:\/\/www.birlacarbon.com\/wp-content\/uploads\/2020\/01\/Picture1-4.png","datePublished":"2020-01-06T19:15:28+00:00","dateModified":"2021-02-06T18:27:59+00:00","breadcrumb":{"@id":"https:\/\/www.birlacarbon.com\/es\/birla-carbon-cubatao-compartio-perspectivas-laborales-con-estudiantes\/#breadcrumb"},"inLanguage":"es","potentialAction":[{"@type":"ReadAction","target":["https:\/\/www.birlacarbon.com\/es\/birla-carbon-cubatao-compartio-perspectivas-laborales-con-estudiantes\/"]}]},{"@type":"ImageObject","inLanguage":"es","@id":"https:\/\/www.birlacarbon.com\/es\/birla-carbon-cubatao-compartio-perspectivas-laborales-con-estudiantes\/#primaryimage","url":"https:\/\/www.birlacarbon.com\/wp-content\/uploads\/2020\/01\/Picture1-4.png","contentUrl":"https:\/\/www.birlacarbon.com\/wp-content\/uploads\/2020\/01\/Picture1-4.png","width":575,"height":350,"caption":"Birla Carbon Cubatao shared career prospects with students"},{"@type":"BreadcrumbList","@id":"https:\/\/www.birlacarbon.com\/es\/birla-carbon-cubatao-compartio-perspectivas-laborales-con-estudiantes\/#breadcrumb","itemListElement":[{"@type":"ListItem","position":1,"name":"Home","item":"https:\/\/www.birlacarbon.com\/es\/"},{"@type":"ListItem","position":2,"name":"Birla Carbon Cubat\u00e3o comparti\u00f3 perspectivas laborales con estudiantes"}]},{"@type":"WebSite","@id":"https:\/\/www.birlacarbon.com\/es\/#website","url":"https:\/\/www.birlacarbon.com\/es\/","name":"Birla Carbon","description":"Birla Carbon","publisher":{"@id":"https:\/\/www.birlacarbon.com\/es\/#organization"},"potentialAction":[{"@type":"SearchAction","target":{"@type":"EntryPoint","urlTemplate":"https:\/\/www.birlacarbon.com\/es\/?s={search_term_string}"},"query-input":{"@type":"PropertyValueSpecification","valueRequired":true,"valueName":"search_term_string"}}],"inLanguage":"es"},{"@type":"Organization","@id":"https:\/\/www.birlacarbon.com\/es\/#organization","name":"Birla Carbon","url":"https:\/\/www.birlacarbon.com\/es\/","logo":{"@type":"ImageObject","inLanguage":"es","@id":"https:\/\/www.birlacarbon.com\/es\/#\/schema\/logo\/image\/","url":"https:\/\/www.birlacarbon.com\/wp-content\/uploads\/2017\/01\/aditya-birla-logo-retina.png","contentUrl":"https:\/\/www.birlacarbon.com\/wp-content\/uploads\/2017\/01\/aditya-birla-logo-retina.png","width":190,"height":182,"caption":"Birla Carbon"},"image":{"@id":"https:\/\/www.birlacarbon.com\/es\/#\/schema\/logo\/image\/"}},{"@type":"Person","@id":"https:\/\/www.birlacarbon.com\/es\/#\/schema\/person\/27fd68d8ad70c2f57acb27ba7bfaa5a1","name":"Manoj Nair"}]}},"_links":{"self":[{"href":"https:\/\/www.birlacarbon.com\/es\/wp-json\/wp\/v2\/posts\/6174","targetHints":{"allow":["GET"]}}],"collection":[{"href":"https:\/\/www.birlacarbon.com\/es\/wp-json\/wp\/v2\/posts"}],"about":[{"href":"https:\/\/www.birlacarbon.com\/es\/wp-json\/wp\/v2\/types\/post"}],"author":[{"embeddable":true,"href":"https:\/\/www.birlacarbon.com\/es\/wp-json\/wp\/v2\/users\/10"}],"replies":[{"embeddable":true,"href":"https:\/\/www.birlacarbon.com\/es\/wp-json\/wp\/v2\/comments?post=6174"}],"version-history":[{"count":0,"href":"https:\/\/www.birlacarbon.com\/es\/wp-json\/wp\/v2\/posts\/6174\/revisions"}],"wp:featuredmedia":[{"embeddable":true,"href":"https:\/\/www.birlacarbon.com\/es\/wp-json\/wp\/v2\/media\/6124"}],"wp:attachment":[{"href":"https:\/\/www.birlacarbon.com\/es\/wp-json\/wp\/v2\/media?parent=6174"}],"wp:term":[{"taxonomy":"category","embeddable":true,"href":"https:\/\/www.birlacarbon.com\/es\/wp-json\/wp\/v2\/categories?post=6174"},{"taxonomy":"post_tag","embeddable":true,"href":"https:\/\/www.birlacarbon.com\/es\/wp-json\/wp\/v2\/tags?post=6174"}],"curies":[{"name":"wp","href":"https:\/\/api.w.org\/{rel}","templated":true}]}}