{"id":7919,"date":"2020-07-07T12:17:43","date_gmt":"2020-07-07T12:17:43","guid":{"rendered":"https:\/\/birlastaging.wpengine.com\/?p=7919"},"modified":"2020-07-20T13:57:48","modified_gmt":"2020-07-20T13:57:48","slug":"birla-carbon-anuncia-una-reestructuracion-global-para-centrarse-en-los-clientes-la-innovacion-y-las-operaciones","status":"publish","type":"post","link":"https:\/\/www.birlacarbon.com\/es\/birla-carbon-anuncia-una-reestructuracion-global-para-centrarse-en-los-clientes-la-innovacion-y-las-operaciones\/","title":{"rendered":"Birla Carbon anuncia una reestructuraci\u00f3n global para centrarse en los clientes, la innovaci\u00f3n y las operaciones"},"content":{"rendered":"<div class=\"fusion-fullwidth fullwidth-box fusion-builder-row-1 nonhundred-percent-fullwidth non-hundred-percent-height-scrolling cb-interior-main\" style=\"--awb-border-radius-top-left:0px;--awb-border-radius-top-right:0px;--awb-border-radius-bottom-right:0px;--awb-border-radius-bottom-left:0px;--awb-padding-top:5%;--awb-padding-right:5%;--awb-padding-bottom:2%;--awb-padding-left:5%;--awb-border-sizes-top:0px;--awb-border-sizes-bottom:0px;--awb-flex-wrap:wrap;\" ><div class=\"fusion-builder-row fusion-row\"><div class=\"fusion-layout-column fusion_builder_column fusion-builder-column-0 fusion_builder_column_2_3 2_3 fusion-two-third fusion-column-first\" style=\"--awb-padding-top:100px;--awb-padding-right:20px;--awb-padding-bottom:0px;--awb-padding-left:0px;--awb-bg-size:cover;--awb-margin-bottom:0px;width:65.3333%; margin-right: 4%;\"><div class=\"fusion-column-wrapper fusion-flex-column-wrapper-legacy\"><div class=\"fusion-title title fusion-title-1 fusion-sep-none fusion-title-text fusion-title-size-one\" style=\"--awb-margin-bottom:20px;--awb-margin-top-small:0px;--awb-margin-right-small:0px;--awb-margin-bottom-small:20px;--awb-margin-left-small:0px;\"><h1 class=\"fusion-title-heading title-heading-left fusion-responsive-typography-calculated\" style=\"margin:0;--fontSize:60;line-height:1.25;\"><h1><strong>Birla Carbon anuncia una reestructuraci\u00f3n global para centrarse en los clientes, la innovaci\u00f3n y las operaciones  <\/strong><\/h1><\/h1><\/div><div class=\"fusion-clearfix\"><\/div><\/div><\/div><div class=\"fusion-layout-column fusion_builder_column fusion-builder-column-1 fusion_builder_column_1_1 1_1 fusion-one-full fusion-column-last\" style=\"--awb-bg-size:cover;\"><div class=\"fusion-column-wrapper fusion-flex-column-wrapper-legacy\"><div class=\"fusion-text fusion-text-1\"><p><strong>Mumbai, India y Marietta, EE. UU., 7 de julio de 2020<\/strong> Birla Carbon anunci\u00f3 hoy cambios organizativos para fomentar una conexi\u00f3n m\u00e1s cercana con sus clientes, centrarse en la innovaci\u00f3n motivada por el mercado y aprovechar sus capacidades globales.  La empresa llevar\u00e1 a cabo la transici\u00f3n a una organizaci\u00f3n funcional global desde una que anteriormente operaba en cinco regiones geogr\u00e1ficas globales que tiene la responsabilidad para todas las operaciones comerciales.  <\/p>\n<p>Comentando los cambios organizativos, el Dr. Santrupt B. Misra, Director General de Birla Carbon, dijo: \u00abEl negocio de Birla Carbon ha estado siempre muy centrado en nuestros clientes y creemos que estos cambios nos permitir\u00e1n enfocarnos mas en esas relaciones de manera que fomentar\u00e1 incluso una mayor innovaci\u00f3n y asociaci\u00f3n\u201d.  Adem\u00e1s, afirm\u00f3: \u201cEn Birla Carbon estamos comprometidos con vivir nuestro Prop\u00f3sito: \u2018Compartir la Fuerza\u2019, creando asociaciones y relaciones de clase mundial con nuestros clientes de forma que sigamos siendo su proveedor preferido\u201d.<\/p>\n<p>Compartiendo su opini\u00f3n sobre los cambios, John Loudermilk, Director de Operaciones de Birla Carbon, afirm\u00f3: \u201cSiempre buscamos formas de centrarnos m\u00e1s en el cliente en todo lo que hacemos.  Esta transici\u00f3n apoya la ambici\u00f3n al tiempo que afinamos nuestro enfoque en los mercados en los que trabajamos y ofrecemos soluciones innovadoras que ayudan a nuestros clientes a crear valor\u201d. <\/p>\n<p>John Davidson, actualmente Presidente de la Regi\u00f3n de Europa y \u00c1frica, se convertir\u00e1 en Director de Ventas y Marketing y seguir\u00e1 reportando antes el Sr. Loudermilk.  El Sr. Davidson ser\u00e1 responsable de todos los aspectos de ventas y marketing de la empresa respaldado por un equipo de l\u00edderes de ventas, sector de mercado y marketing posicionados en todo el mundo. <\/p>\n<p>Sanjeev Sood, actualmente Presidente de la Regi\u00f3n del Sur de Asiaa, se convertir\u00e1 en el Director de Fabricaci\u00f3n de Asia, y Dale Clark, actualmente Director de Tecnolog\u00eda, ser\u00e1 Director de Fabricaci\u00f3n para Am\u00e9rica, Europa y \u00c1frica.  Tanto el Sr. Sood como el Sr. Clark seguir\u00e1n reportando ante el Sr. Loudermilk y tendr\u00e1 la responsabilidad de todas las actividades de fabricaci\u00f3n y cadena de suministro en sus regiones respectivas junto a una responsabilidad conjunta de los Servicios Globales de Calidad e Ingenier\u00eda. <\/p>\n<p>Ronaldo Duarte, Presidente de la Regi\u00f3n de Am\u00e9rica del Sur, se retirar\u00e1 de Birla Carbon en el a\u00f1o en curso tras su servicio de m\u00e1s de 40 a\u00f1os en diversos roles de liderazgo.  Mark Bass, Presidente de la Regi\u00f3n de Am\u00e9rica del Norte y Todd Cottrell, Presidente de Especialidad y Norte de Asia, dejan Birla Carbon en busca de otras oportunidades.<\/p>\n<p><strong>Acerca de Birla Carbon<\/strong><\/p>\n<p><a href=\"https:\/\/www.birlacarbon.com\/\">Birla Carbon<\/a> es un proveedor l\u00edder mundial de negro de carb\u00f3n. Como una de las empresas insignia de <a href=\"https:\/\/www.adityabirla.com\/\">Aditya Birla Group<\/a>, conglomerado de 48.300 millones de dol\u00e1res, Birla Carbon ofrece soluciones de negro de carb\u00f3n sostenibles e innovadoras que mejoran el rendimiento de pinturas y revestimientos, tintas y t\u00f3neres, pl\u00e1sticos, adhesivos, sellantes, fibras textiles, art\u00edculos de caucho mec\u00e1nico y neum\u00e1ticos. La presencia de la empresa se extiende por 12 pa\u00edses con 16 instalaciones de fabricaci\u00f3n y dos centros tecnol\u00f3gicos de vanguardia en Marietta (EE. UU.) y Taloja (India), ofreciendo una innovaci\u00f3n l\u00edder en la industria. Su estrategia de <a href=\"https:\/\/sustainability.birlacarbon.com\/\">Excelencia Operativa Sostenible<\/a> (EOS) se centra en la seguridad de los empleados, la protecci\u00f3n medioambiental, el uso eficiente de las fuentes de carbono y operar de manera responsable social y \u00e9ticamente. Visite: <a href=\"https:\/\/birlacarbon.com\/\" target=\"_blank\" rel=\"noopener noreferrer\">www.birlacarbon.com<\/a><\/p>\n<p>Para m\u00e1s informaci\u00f3n, p\u00f3ngase en contacto con;<\/p>\n<p>Roysten Dmello<br \/>\nComunicaciones corporativas<br \/>\n<a href=\"mailto:roysten.dmello@adityabirla.com\">roysten.dmello@adityabirla.com<\/a><\/p>\n<\/div><div class=\"fusion-widget-area awb-widget-area-element fusion-widget-area-1 fusion-content-widget-area\" style=\"--awb-title-size:22px;--awb-title-color:#000000;--awb-padding:0px 0px 0px 0px;\"><div id=\"text-31\" class=\"widget widget_text\">\t\t\t<div class=\"textwidget\"> <p><a href=\"https:\/\/www.birlacarbon.com\/es\/notas-de-prensa\/\" class=\"leader-back\">\t&laquo; Volver a Notas de Prensa<\/a><\/p><\/div>\n\t\t<\/div><div class=\"fusion-additional-widget-content\"><\/div><\/div><div class=\"fusion-clearfix\"><\/div><\/div><\/div><\/div><\/div>\n","protected":false},"excerpt":{"rendered":"","protected":false},"author":10,"featured_media":0,"comment_status":"closed","ping_status":"open","sticky":false,"template":"","format":"standard","meta":{"_acf_changed":false,"_monsterinsights_skip_tracking":false,"_monsterinsights_sitenote_active":false,"_monsterinsights_sitenote_note":"","_monsterinsights_sitenote_category":0,"footnotes":""},"categories":[389],"tags":[],"class_list":["post-7919","post","type-post","status-publish","format-standard","hentry","category-press-es"],"acf":false,"yoast_head":"<!-- This site is optimized with the Yoast SEO plugin v27.4 - https:\/\/yoast.com\/product\/yoast-seo-wordpress\/ -->\n<title>Birla Carbon anuncia una reestructuraci\u00f3n global para centrarse en los clientes, la innovaci\u00f3n y las operaciones - Birla Carbon<\/title>\n<meta name=\"robots\" content=\"index, follow, max-snippet:-1, max-image-preview:large, max-video-preview:-1\" \/>\n<link rel=\"canonical\" href=\"https:\/\/www.birlacarbon.com\/es\/birla-carbon-anuncia-una-reestructuracion-global-para-centrarse-en-los-clientes-la-innovacion-y-las-operaciones\/\" \/>\n<meta property=\"og:locale\" content=\"es_ES\" \/>\n<meta property=\"og:type\" content=\"article\" \/>\n<meta property=\"og:title\" content=\"Birla Carbon anuncia una reestructuraci\u00f3n global para centrarse en los clientes, la innovaci\u00f3n y las operaciones - Birla Carbon\" \/>\n<meta property=\"og:url\" content=\"https:\/\/www.birlacarbon.com\/es\/birla-carbon-anuncia-una-reestructuracion-global-para-centrarse-en-los-clientes-la-innovacion-y-las-operaciones\/\" \/>\n<meta property=\"og:site_name\" content=\"Birla Carbon\" \/>\n<meta property=\"article:published_time\" content=\"2020-07-07T12:17:43+00:00\" \/>\n<meta property=\"article:modified_time\" content=\"2020-07-20T13:57:48+00:00\" \/>\n<meta name=\"author\" content=\"Manoj Nair\" \/>\n<meta name=\"twitter:card\" content=\"summary_large_image\" \/>\n<meta name=\"twitter:label1\" content=\"Escrito por\" \/>\n\t<meta name=\"twitter:data1\" content=\"Manoj Nair\" \/>\n\t<meta name=\"twitter:label2\" content=\"Tiempo de lectura\" \/>\n\t<meta name=\"twitter:data2\" content=\"5 minutos\" \/>\n<!-- \/ Yoast SEO plugin. -->","yoast_head_json":{"title":"Birla Carbon anuncia una reestructuraci\u00f3n global para centrarse en los clientes, la innovaci\u00f3n y las operaciones - Birla Carbon","robots":{"index":"index","follow":"follow","max-snippet":"max-snippet:-1","max-image-preview":"max-image-preview:large","max-video-preview":"max-video-preview:-1"},"canonical":"https:\/\/www.birlacarbon.com\/es\/birla-carbon-anuncia-una-reestructuracion-global-para-centrarse-en-los-clientes-la-innovacion-y-las-operaciones\/","og_locale":"es_ES","og_type":"article","og_title":"Birla Carbon anuncia una reestructuraci\u00f3n global para centrarse en los clientes, la innovaci\u00f3n y las operaciones - Birla Carbon","og_url":"https:\/\/www.birlacarbon.com\/es\/birla-carbon-anuncia-una-reestructuracion-global-para-centrarse-en-los-clientes-la-innovacion-y-las-operaciones\/","og_site_name":"Birla Carbon","article_published_time":"2020-07-07T12:17:43+00:00","article_modified_time":"2020-07-20T13:57:48+00:00","author":"Manoj Nair","twitter_card":"summary_large_image","twitter_misc":{"Escrito por":"Manoj Nair","Tiempo de lectura":"5 minutos"},"schema":{"@context":"https:\/\/schema.org","@graph":[{"@type":"Article","@id":"https:\/\/www.birlacarbon.com\/es\/birla-carbon-anuncia-una-reestructuracion-global-para-centrarse-en-los-clientes-la-innovacion-y-las-operaciones\/#article","isPartOf":{"@id":"https:\/\/www.birlacarbon.com\/es\/birla-carbon-anuncia-una-reestructuracion-global-para-centrarse-en-los-clientes-la-innovacion-y-las-operaciones\/"},"author":{"name":"Manoj Nair","@id":"https:\/\/www.birlacarbon.com\/es\/#\/schema\/person\/27fd68d8ad70c2f57acb27ba7bfaa5a1"},"headline":"Birla Carbon anuncia una reestructuraci\u00f3n global para centrarse en los clientes, la innovaci\u00f3n y las operaciones","datePublished":"2020-07-07T12:17:43+00:00","dateModified":"2020-07-20T13:57:48+00:00","mainEntityOfPage":{"@id":"https:\/\/www.birlacarbon.com\/es\/birla-carbon-anuncia-una-reestructuracion-global-para-centrarse-en-los-clientes-la-innovacion-y-las-operaciones\/"},"wordCount":995,"publisher":{"@id":"https:\/\/www.birlacarbon.com\/es\/#organization"},"articleSection":["Press"],"inLanguage":"es"},{"@type":"WebPage","@id":"https:\/\/www.birlacarbon.com\/es\/birla-carbon-anuncia-una-reestructuracion-global-para-centrarse-en-los-clientes-la-innovacion-y-las-operaciones\/","url":"https:\/\/www.birlacarbon.com\/es\/birla-carbon-anuncia-una-reestructuracion-global-para-centrarse-en-los-clientes-la-innovacion-y-las-operaciones\/","name":"Birla Carbon anuncia una reestructuraci\u00f3n global para centrarse en los clientes, la innovaci\u00f3n y las operaciones - Birla Carbon","isPartOf":{"@id":"https:\/\/www.birlacarbon.com\/es\/#website"},"datePublished":"2020-07-07T12:17:43+00:00","dateModified":"2020-07-20T13:57:48+00:00","breadcrumb":{"@id":"https:\/\/www.birlacarbon.com\/es\/birla-carbon-anuncia-una-reestructuracion-global-para-centrarse-en-los-clientes-la-innovacion-y-las-operaciones\/#breadcrumb"},"inLanguage":"es","potentialAction":[{"@type":"ReadAction","target":["https:\/\/www.birlacarbon.com\/es\/birla-carbon-anuncia-una-reestructuracion-global-para-centrarse-en-los-clientes-la-innovacion-y-las-operaciones\/"]}]},{"@type":"BreadcrumbList","@id":"https:\/\/www.birlacarbon.com\/es\/birla-carbon-anuncia-una-reestructuracion-global-para-centrarse-en-los-clientes-la-innovacion-y-las-operaciones\/#breadcrumb","itemListElement":[{"@type":"ListItem","position":1,"name":"Home","item":"https:\/\/www.birlacarbon.com\/es\/"},{"@type":"ListItem","position":2,"name":"Birla Carbon anuncia una reestructuraci\u00f3n global para centrarse en los clientes, la innovaci\u00f3n y las operaciones"}]},{"@type":"WebSite","@id":"https:\/\/www.birlacarbon.com\/es\/#website","url":"https:\/\/www.birlacarbon.com\/es\/","name":"Birla Carbon","description":"Birla Carbon","publisher":{"@id":"https:\/\/www.birlacarbon.com\/es\/#organization"},"potentialAction":[{"@type":"SearchAction","target":{"@type":"EntryPoint","urlTemplate":"https:\/\/www.birlacarbon.com\/es\/?s={search_term_string}"},"query-input":{"@type":"PropertyValueSpecification","valueRequired":true,"valueName":"search_term_string"}}],"inLanguage":"es"},{"@type":"Organization","@id":"https:\/\/www.birlacarbon.com\/es\/#organization","name":"Birla Carbon","url":"https:\/\/www.birlacarbon.com\/es\/","logo":{"@type":"ImageObject","inLanguage":"es","@id":"https:\/\/www.birlacarbon.com\/es\/#\/schema\/logo\/image\/","url":"https:\/\/www.birlacarbon.com\/wp-content\/uploads\/2017\/01\/aditya-birla-logo-retina.png","contentUrl":"https:\/\/www.birlacarbon.com\/wp-content\/uploads\/2017\/01\/aditya-birla-logo-retina.png","width":190,"height":182,"caption":"Birla Carbon"},"image":{"@id":"https:\/\/www.birlacarbon.com\/es\/#\/schema\/logo\/image\/"}},{"@type":"Person","@id":"https:\/\/www.birlacarbon.com\/es\/#\/schema\/person\/27fd68d8ad70c2f57acb27ba7bfaa5a1","name":"Manoj Nair"}]}},"_links":{"self":[{"href":"https:\/\/www.birlacarbon.com\/es\/wp-json\/wp\/v2\/posts\/7919","targetHints":{"allow":["GET"]}}],"collection":[{"href":"https:\/\/www.birlacarbon.com\/es\/wp-json\/wp\/v2\/posts"}],"about":[{"href":"https:\/\/www.birlacarbon.com\/es\/wp-json\/wp\/v2\/types\/post"}],"author":[{"embeddable":true,"href":"https:\/\/www.birlacarbon.com\/es\/wp-json\/wp\/v2\/users\/10"}],"replies":[{"embeddable":true,"href":"https:\/\/www.birlacarbon.com\/es\/wp-json\/wp\/v2\/comments?post=7919"}],"version-history":[{"count":0,"href":"https:\/\/www.birlacarbon.com\/es\/wp-json\/wp\/v2\/posts\/7919\/revisions"}],"wp:attachment":[{"href":"https:\/\/www.birlacarbon.com\/es\/wp-json\/wp\/v2\/media?parent=7919"}],"wp:term":[{"taxonomy":"category","embeddable":true,"href":"https:\/\/www.birlacarbon.com\/es\/wp-json\/wp\/v2\/categories?post=7919"},{"taxonomy":"post_tag","embeddable":true,"href":"https:\/\/www.birlacarbon.com\/es\/wp-json\/wp\/v2\/tags?post=7919"}],"curies":[{"name":"wp","href":"https:\/\/api.w.org\/{rel}","templated":true}]}}