{"id":10374,"date":"2021-11-25T12:22:37","date_gmt":"2021-11-25T12:22:37","guid":{"rendered":"https:\/\/birlastaging.wpengine.com\/?p=10374"},"modified":"2021-12-01T14:44:07","modified_gmt":"2021-12-01T14:44:07","slug":"a-birla-carbon-participara-no-the-battery-show-europe-2021","status":"publish","type":"post","link":"https:\/\/www.birlacarbon.com\/pt-br\/a-birla-carbon-participara-no-the-battery-show-europe-2021\/","title":{"rendered":"A Birla Carbon participar\u00e1 no The Battery Show Europe 2021"},"content":{"rendered":"<div class=\"fusion-fullwidth fullwidth-box fusion-builder-row-1 nonhundred-percent-fullwidth non-hundred-percent-height-scrolling cb-interior-main\" style=\"--awb-border-sizes-top:0px;--awb-border-sizes-bottom:0px;--awb-border-sizes-left:0px;--awb-border-sizes-right:0px;--awb-border-radius-top-left:0px;--awb-border-radius-top-right:0px;--awb-border-radius-bottom-right:0px;--awb-border-radius-bottom-left:0px;--awb-padding-top:5%;--awb-padding-right:5%;--awb-padding-bottom:2%;--awb-padding-left:5%;--awb-flex-wrap:wrap;\" ><div class=\"fusion-builder-row fusion-row\"><div class=\"fusion-layout-column fusion_builder_column fusion-builder-column-0 fusion_builder_column_1_1 1_1 fusion-one-full fusion-column-first fusion-column-last\" style=\"--awb-padding-top:100px;--awb-padding-right:20px;--awb-padding-bottom:0px;--awb-padding-left:0px;--awb-bg-size:cover;--awb-margin-bottom:0px;\"><div class=\"fusion-column-wrapper fusion-flex-column-wrapper-legacy\"><div class=\"fusion-title title fusion-title-1 fusion-sep-none fusion-title-text fusion-title-size-one\" style=\"--awb-margin-bottom:20px;--awb-margin-top-small:0px;--awb-margin-right-small:0px;--awb-margin-bottom-small:20px;--awb-margin-left-small:0px;\"><h1 class=\"fusion-title-heading title-heading-left fusion-responsive-typography-calculated\" style=\"margin:0;--fontSize:60;line-height:1.25;\"><h1><strong>A Birla Carbon participar\u00e1 no The Battery Show Europe 2021<\/strong><\/h1><\/h1><\/div><div class=\"fusion-clearfix\"><\/div><\/div><\/div><div class=\"fusion-layout-column fusion_builder_column fusion-builder-column-1 fusion_builder_column_1_1 1_1 fusion-one-full fusion-column-first fusion-column-last\" style=\"--awb-bg-size:cover;\"><div class=\"fusion-column-wrapper fusion-flex-column-wrapper-legacy\"><div class=\"fusion-text fusion-text-1\" style=\"--awb-text-transform:none;\"><ul>\n<li>Lan\u00e7a a gama de produtos <strong>Conductex\u2122 i <\/strong>e <strong>Conductex\u2122 e<\/strong> para aplica\u00e7\u00f5es de \u00edons de l\u00edtio e de chumbo-\u00e1cido na  Europa <\/li>\n<li>Com o objetivo de alcan\u00e7ar clientes do  mercado de armazenamento de energia na Europa e em todo o mundo <\/li>\n<li>Exibindo  no Estande <strong>8-654<\/strong><strong> <\/strong><\/li>\n<\/ul>\n<p><strong>Hannover, Alemanha &#8211; 25 de novembro de 2021  &#8211; <\/strong>A Birla  Carbon, l\u00edder global na fabrica\u00e7\u00e3o de solu\u00e7\u00f5es de negro de fumo de alta  qualidade, participar\u00e1 do <a href=\"https:\/\/www.thebatteryshow.eu\/en\/Home.html\">The  Battery Show Europe 2021<\/a> , que acontecer\u00e1 de 30 de  novembro a 2 de dezembro de 2021 na Messe Stuttgart, Alemanha. No seguimento de  sua recente entrada no mercado de Sistemas de energia, a Birla Carbon  apresentar\u00e1 um portf\u00f3lio de solu\u00e7\u00f5es de carbono condutivo com suas s\u00e9ries de  produtos <strong><em>Conductex i<\/em><\/strong><em> e <strong>Conductex e<\/strong><\/em> na feira, junto  com sua pr\u00f3xima gama de solu\u00e7\u00f5es de carbono para a ind\u00fastria de baterias. A  participa\u00e7\u00e3o da Birla Carbon visa expandir sua presen\u00e7a geogr\u00e1fica na Europa e  globalmente, atendendo \u00e0s necessidades dos clientes.<\/p>\n<p>A Birla Carbon vai expor no estande  <u>8-654<\/u>.<\/p>\n<p>O novo portf\u00f3lio de carbonos condutores da Birla Carbon \u00e9 projetado para os mercados de \u00edons de l\u00edtio e baterias de chumbo-\u00e1cido, permitindo a personaliza\u00e7\u00e3o na formula\u00e7\u00e3o e desempenho em uma variedade de segmentos, incluindo automotivo, telecomunica\u00e7\u00f5es, energia motriz, sistemas de armazenamento de energia e e-bikes. Esses produtos alavancam o processo <em><strong>Ultra<sup>TM<\/sup><\/strong><\/em>\u00a0exclusivo da Birla Carbon para garantir os mais altos n\u00edveis de pureza e condutividade, permitindo uma maior aceita\u00e7\u00e3o de carga, particularmente sob opera\u00e7\u00e3o de estado de carga parcial.<\/p>\n<p>Compartilhando suas id\u00e9ias sobre a participa\u00e7\u00e3o, John Davidson, Diretor de Vendas e Marketing da Birla Carbon, disse: \u201cA Birla Carbon projetou um novo portf\u00f3lio de carbonos condutores para os mercados de \u00edons de l\u00edtio e baterias de chumbo-\u00e1cido que fornecem economia de energia de 5 a 15%. O Battery Show Europe \u00e9 um f\u00f3rum onde os l\u00edderes do mercado de armazenamento de energia se re\u00fanem e gostar\u00edamos de compartilhar nossas solu\u00e7\u00f5es com eles.\u201d Acrescentou ainda: \u201cA nossa participa\u00e7\u00e3o significa o nosso compromisso com o mercado e as solu\u00e7\u00f5es que apresentamos s\u00e3o a nossa forma de compartilharmos a for\u00e7a. Estamos orgulhosos de continuar esta jornada atrav\u00e9s da sustentabilidade e circularidade, oferecendo solu\u00e7\u00f5es de energia limpa para o mercado de baterias com nossos aditivos de carbono condutores de alta engenharia.\u201d<\/p>\n<p>A Dra. Ann Schoeb, Diretora de Pesquisa e Desenvolvimento e Chefe de Neg\u00f3cios, Sistemas de Energia, Birla Carbon, disse: \u201cA entrada da Birla Carbon no mercado de baterias indica nossas ambi\u00e7\u00f5es de crescimento \u00e0 medida que a demanda por materiais para apoiar ve\u00edculos el\u00e9tricos e outros requisitos de armazenamento de energia aumenta rapidamente. Nosso objetivo \u00e9 trazer constantemente produtos inovadores para o mercado e desenvolv\u00ea-los para atender \u00e0s necessidades de nossos clientes. Com o portf\u00f3lio de produtos Conductex i e Conductex e, a Birla Carbon est\u00e1 aumentando a contribui\u00e7\u00e3o dos carbonos em aplica\u00e7\u00f5es avan\u00e7adas de baterias.\u201d<\/p>\n<p>Para  obter mais informa\u00e7\u00f5es sobre a <em>Conductex e<\/em>, visite o estande da Birla  Carbon &#8211; 8-654, escreva para  <a href=\"mailto:energysystems@adityabirla.com\">energysystems@adityabirla.com<\/a>  ou visite  <a href=\"https:\/\/www.birlacarbon.com\/energy-systems\/\">birlacarbon.com\/energy-systems\/<\/a><\/p>\n<p><strong> Acerca da Birla Carbon<\/strong><\/p>\n<p><a href=\"https:\/\/www.birlacarbon.com\/\">A Birla Carbon<\/a>  \u00e9 um   fornecedor l\u00edder a n\u00edvel global de negro de fumo. Como um dos principais   neg\u00f3cios do conglomerado de empresas indiano multinacional l\u00edder, o <a href=\"https:\/\/www.adityabirla.com\/\">Aditya Birla Group<\/a> , a Birla Carbon proporciona solu\u00e7\u00f5es de negro de fumo sustent\u00e1veis   inovadoras que incrementam o desempenho de tintas e revestimentos,   toners, pl\u00e1sticos, selantes, fibras text\u00eais, produtos de borracha   sujeitos a esfor\u00e7os mec\u00e2nicos e pneus. A presen\u00e7a da companhia se   estende por 12 pa\u00edses com 16 instala\u00e7\u00f5es fabris e dois centros   tecnol\u00f3gicos de \u00faltima gera\u00e7\u00e3o em Marietta (EUA) e Taloja (\u00cdndia),   proporcionando inova\u00e7\u00f5es l\u00edderes na ind\u00fastria. Sua estrat\u00e9gia de <a href=\"https:\/\/sustainability.birlacarbon.com\/\">Objetivos de Excel\u00eancia Operacional<\/a> (SOE) foca na seguran\u00e7a dos empregados, administra\u00e7\u00e3o ambiental, uso   eficiente de fontes de carbono e operar de forma respons\u00e1vel em termos   sociais e \u00e9ticos.<\/p>\n<p>Para mais informa\u00e7\u00f5es entre em contato com:<br \/>\n  Roysten Dmello<br \/>\n  Comunica\u00e7\u00f5es Corporativas<br \/>\n  <a href=\"mailto:roysten.dmello@adityabirla.com\">roysten.dmello@adityabirla.com<\/a><\/p>\n<\/div><div class=\"fusion-widget-area awb-widget-area-element fusion-widget-area-1 fusion-content-widget-area\" style=\"--awb-title-size:22px;--awb-title-color:#000000;--awb-padding:0px 0px 0px 0px;\"><div id=\"text-55\" class=\"widget widget_text\" style=\"border-style: solid;border-color:transparent;border-width:0px;\">\t\t\t<div class=\"textwidget\"> <p><a href=\"https:\/\/www.birlacarbon.com\/pt-br\/comunicados-de-impresa\/\" class=\"leader-back\">\t&laquo; Voltar para Releases de Imprensa<\/a><\/p><\/div>\n\t\t<\/div><div class=\"fusion-additional-widget-content\"><\/div><\/div><div class=\"fusion-clearfix\"><\/div><\/div><\/div><\/div><\/div>\n","protected":false},"excerpt":{"rendered":"<p>A Birla Carbon, l\u00edder global na fabrica\u00e7\u00e3o de solu\u00e7\u00f5es de negro de fumo de alta qualidade, participar\u00e1 do The Battery Show Europe 2021<\/p>\n","protected":false},"author":10,"featured_media":0,"comment_status":"closed","ping_status":"open","sticky":false,"template":"","format":"standard","meta":{"_acf_changed":false,"_monsterinsights_skip_tracking":false,"_monsterinsights_sitenote_active":false,"_monsterinsights_sitenote_note":"","_monsterinsights_sitenote_category":0,"footnotes":""},"categories":[530],"tags":[],"class_list":["post-10374","post","type-post","status-publish","format-standard","hentry","category-press-2"],"acf":false,"yoast_head":"<!-- This site is optimized with the Yoast SEO plugin v27.4 - https:\/\/yoast.com\/product\/yoast-seo-wordpress\/ -->\n<title>A Birla Carbon participar\u00e1 no The Battery Show Europe 2021 - Birla Carbon<\/title>\n<meta name=\"robots\" content=\"index, follow, max-snippet:-1, max-image-preview:large, max-video-preview:-1\" \/>\n<link rel=\"canonical\" href=\"https:\/\/www.birlacarbon.com\/pt-br\/a-birla-carbon-participara-no-the-battery-show-europe-2021\/\" \/>\n<meta property=\"og:locale\" content=\"pt_BR\" \/>\n<meta property=\"og:type\" content=\"article\" \/>\n<meta property=\"og:title\" content=\"A Birla Carbon participar\u00e1 no The Battery Show Europe 2021 - Birla Carbon\" \/>\n<meta property=\"og:description\" content=\"A Birla Carbon, l\u00edder global na fabrica\u00e7\u00e3o de solu\u00e7\u00f5es de negro de fumo de alta qualidade, participar\u00e1 do The Battery Show Europe 2021\" \/>\n<meta property=\"og:url\" content=\"https:\/\/www.birlacarbon.com\/pt-br\/a-birla-carbon-participara-no-the-battery-show-europe-2021\/\" \/>\n<meta property=\"og:site_name\" content=\"Birla Carbon\" \/>\n<meta property=\"article:published_time\" content=\"2021-11-25T12:22:37+00:00\" \/>\n<meta property=\"article:modified_time\" content=\"2021-12-01T14:44:07+00:00\" \/>\n<meta name=\"author\" content=\"Manoj Nair\" \/>\n<meta name=\"twitter:card\" content=\"summary_large_image\" \/>\n<meta name=\"twitter:label1\" content=\"Escrito por\" \/>\n\t<meta name=\"twitter:data1\" content=\"Manoj Nair\" \/>\n\t<meta name=\"twitter:label2\" content=\"Est. tempo de leitura\" \/>\n\t<meta name=\"twitter:data2\" content=\"6 minutos\" \/>\n<!-- \/ Yoast SEO plugin. -->","yoast_head_json":{"title":"A Birla Carbon participar\u00e1 no The Battery Show Europe 2021 - Birla Carbon","robots":{"index":"index","follow":"follow","max-snippet":"max-snippet:-1","max-image-preview":"max-image-preview:large","max-video-preview":"max-video-preview:-1"},"canonical":"https:\/\/www.birlacarbon.com\/pt-br\/a-birla-carbon-participara-no-the-battery-show-europe-2021\/","og_locale":"pt_BR","og_type":"article","og_title":"A Birla Carbon participar\u00e1 no The Battery Show Europe 2021 - Birla Carbon","og_description":"A Birla Carbon, l\u00edder global na fabrica\u00e7\u00e3o de solu\u00e7\u00f5es de negro de fumo de alta qualidade, participar\u00e1 do The Battery Show Europe 2021","og_url":"https:\/\/www.birlacarbon.com\/pt-br\/a-birla-carbon-participara-no-the-battery-show-europe-2021\/","og_site_name":"Birla Carbon","article_published_time":"2021-11-25T12:22:37+00:00","article_modified_time":"2021-12-01T14:44:07+00:00","author":"Manoj Nair","twitter_card":"summary_large_image","twitter_misc":{"Escrito por":"Manoj Nair","Est. tempo de leitura":"6 minutos"},"schema":{"@context":"https:\/\/schema.org","@graph":[{"@type":"Article","@id":"https:\/\/www.birlacarbon.com\/pt-br\/a-birla-carbon-participara-no-the-battery-show-europe-2021\/#article","isPartOf":{"@id":"https:\/\/www.birlacarbon.com\/pt-br\/a-birla-carbon-participara-no-the-battery-show-europe-2021\/"},"author":{"name":"Manoj Nair","@id":"https:\/\/www.birlacarbon.com\/pt-br\/#\/schema\/person\/27fd68d8ad70c2f57acb27ba7bfaa5a1"},"headline":"A Birla Carbon participar\u00e1 no The Battery Show Europe 2021","datePublished":"2021-11-25T12:22:37+00:00","dateModified":"2021-12-01T14:44:07+00:00","mainEntityOfPage":{"@id":"https:\/\/www.birlacarbon.com\/pt-br\/a-birla-carbon-participara-no-the-battery-show-europe-2021\/"},"wordCount":1239,"publisher":{"@id":"https:\/\/www.birlacarbon.com\/pt-br\/#organization"},"articleSection":["Press"],"inLanguage":"pt-BR"},{"@type":"WebPage","@id":"https:\/\/www.birlacarbon.com\/pt-br\/a-birla-carbon-participara-no-the-battery-show-europe-2021\/","url":"https:\/\/www.birlacarbon.com\/pt-br\/a-birla-carbon-participara-no-the-battery-show-europe-2021\/","name":"A Birla Carbon participar\u00e1 no The Battery Show Europe 2021 - Birla Carbon","isPartOf":{"@id":"https:\/\/www.birlacarbon.com\/pt-br\/#website"},"datePublished":"2021-11-25T12:22:37+00:00","dateModified":"2021-12-01T14:44:07+00:00","breadcrumb":{"@id":"https:\/\/www.birlacarbon.com\/pt-br\/a-birla-carbon-participara-no-the-battery-show-europe-2021\/#breadcrumb"},"inLanguage":"pt-BR","potentialAction":[{"@type":"ReadAction","target":["https:\/\/www.birlacarbon.com\/pt-br\/a-birla-carbon-participara-no-the-battery-show-europe-2021\/"]}]},{"@type":"BreadcrumbList","@id":"https:\/\/www.birlacarbon.com\/pt-br\/a-birla-carbon-participara-no-the-battery-show-europe-2021\/#breadcrumb","itemListElement":[{"@type":"ListItem","position":1,"name":"Home","item":"https:\/\/www.birlacarbon.com\/pt-br\/"},{"@type":"ListItem","position":2,"name":"A Birla Carbon participar\u00e1 no The Battery Show Europe 2021"}]},{"@type":"WebSite","@id":"https:\/\/www.birlacarbon.com\/pt-br\/#website","url":"https:\/\/www.birlacarbon.com\/pt-br\/","name":"Birla Carbon","description":"Birla Carbon","publisher":{"@id":"https:\/\/www.birlacarbon.com\/pt-br\/#organization"},"potentialAction":[{"@type":"SearchAction","target":{"@type":"EntryPoint","urlTemplate":"https:\/\/www.birlacarbon.com\/pt-br\/?s={search_term_string}"},"query-input":{"@type":"PropertyValueSpecification","valueRequired":true,"valueName":"search_term_string"}}],"inLanguage":"pt-BR"},{"@type":"Organization","@id":"https:\/\/www.birlacarbon.com\/pt-br\/#organization","name":"Birla Carbon","url":"https:\/\/www.birlacarbon.com\/pt-br\/","logo":{"@type":"ImageObject","inLanguage":"pt-BR","@id":"https:\/\/www.birlacarbon.com\/pt-br\/#\/schema\/logo\/image\/","url":"https:\/\/www.birlacarbon.com\/wp-content\/uploads\/2017\/01\/aditya-birla-logo-retina.png","contentUrl":"https:\/\/www.birlacarbon.com\/wp-content\/uploads\/2017\/01\/aditya-birla-logo-retina.png","width":190,"height":182,"caption":"Birla Carbon"},"image":{"@id":"https:\/\/www.birlacarbon.com\/pt-br\/#\/schema\/logo\/image\/"}},{"@type":"Person","@id":"https:\/\/www.birlacarbon.com\/pt-br\/#\/schema\/person\/27fd68d8ad70c2f57acb27ba7bfaa5a1","name":"Manoj Nair"}]}},"_links":{"self":[{"href":"https:\/\/www.birlacarbon.com\/pt-br\/wp-json\/wp\/v2\/posts\/10374","targetHints":{"allow":["GET"]}}],"collection":[{"href":"https:\/\/www.birlacarbon.com\/pt-br\/wp-json\/wp\/v2\/posts"}],"about":[{"href":"https:\/\/www.birlacarbon.com\/pt-br\/wp-json\/wp\/v2\/types\/post"}],"author":[{"embeddable":true,"href":"https:\/\/www.birlacarbon.com\/pt-br\/wp-json\/wp\/v2\/users\/10"}],"replies":[{"embeddable":true,"href":"https:\/\/www.birlacarbon.com\/pt-br\/wp-json\/wp\/v2\/comments?post=10374"}],"version-history":[{"count":0,"href":"https:\/\/www.birlacarbon.com\/pt-br\/wp-json\/wp\/v2\/posts\/10374\/revisions"}],"wp:attachment":[{"href":"https:\/\/www.birlacarbon.com\/pt-br\/wp-json\/wp\/v2\/media?parent=10374"}],"wp:term":[{"taxonomy":"category","embeddable":true,"href":"https:\/\/www.birlacarbon.com\/pt-br\/wp-json\/wp\/v2\/categories?post=10374"},{"taxonomy":"post_tag","embeddable":true,"href":"https:\/\/www.birlacarbon.com\/pt-br\/wp-json\/wp\/v2\/tags?post=10374"}],"curies":[{"name":"wp","href":"https:\/\/api.w.org\/{rel}","templated":true}]}}