{"id":22646,"date":"2023-09-04T14:12:04","date_gmt":"2023-09-04T14:12:04","guid":{"rendered":"https:\/\/birlastaging.wpengine.com\/?p=22646"},"modified":"2023-10-10T13:41:36","modified_gmt":"2023-10-10T13:41:36","slug":"a-birla-carbon-esteve-na-exposicao-the-battery-show-da-america-do-norte-2023","status":"publish","type":"post","link":"https:\/\/www.birlacarbon.com\/pt-br\/a-birla-carbon-esteve-na-exposicao-the-battery-show-da-america-do-norte-2023\/","title":{"rendered":"A Birla Carbon esteve na exposi\u00e7\u00e3o The Battery Show da Am\u00e9rica do Norte 2023"},"content":{"rendered":"<div class=\"fusion-fullwidth fullwidth-box fusion-builder-row-1 nonhundred-percent-fullwidth non-hundred-percent-height-scrolling cb-interior-main\" style=\"--awb-border-sizes-top:0px;--awb-border-sizes-bottom:0px;--awb-border-sizes-left:0px;--awb-border-sizes-right:0px;--awb-border-radius-top-left:0px;--awb-border-radius-top-right:0px;--awb-border-radius-bottom-right:0px;--awb-border-radius-bottom-left:0px;--awb-padding-top:5%;--awb-padding-right:5%;--awb-padding-bottom:2%;--awb-padding-left:5%;--awb-flex-wrap:wrap;\" ><div class=\"fusion-builder-row fusion-row\"><div class=\"fusion-layout-column fusion_builder_column fusion-builder-column-0 fusion_builder_column_1_1 1_1 fusion-one-full fusion-column-first fusion-column-last\" style=\"--awb-padding-top:100px;--awb-padding-right:20px;--awb-padding-bottom:0px;--awb-padding-left:0px;--awb-bg-size:cover;--awb-margin-bottom:0px;\"><div class=\"fusion-column-wrapper fusion-flex-column-wrapper-legacy\"><div class=\"fusion-title title fusion-title-1 fusion-sep-none fusion-title-text fusion-title-size-one\" style=\"--awb-margin-bottom:20px;--awb-margin-top-small:0px;--awb-margin-right-small:0px;--awb-margin-bottom-small:20px;--awb-margin-left-small:0px;\"><h1 class=\"fusion-title-heading title-heading-left fusion-responsive-typography-calculated\" style=\"margin:0;--fontSize:60;line-height:1.25;\"><h1>A Birla Carbon esteve na exposi\u00e7\u00e3o The Battery Show da Am\u00e9rica do Norte 2023<\/h1><\/h1><\/div><div class=\"fusion-clearfix\"><\/div><\/div><\/div><div class=\"fusion-layout-column fusion_builder_column fusion-builder-column-1 fusion_builder_column_1_1 1_1 fusion-one-full fusion-column-first fusion-column-last\" style=\"--awb-bg-size:cover;\"><div class=\"fusion-column-wrapper fusion-flex-column-wrapper-legacy\"><div class=\"fusion-text fusion-text-1\" style=\"--awb-text-transform:none;\"><p><strong>Marieta, USA \u2013 4 de setembro de 2023<\/strong>: <a href=\"https:\/\/protect.checkpoint.com\/v2\/___https:\/www.birlacarbon.com\/___.bXQtcHJvZC1jcC1hcHMxLTE6YWRpdHlhYmlybGFtYW5hZ2VtZW50OmM6bzoxNzQzM2YzOGFhNDIyNjRmYzZmMzE0ODVhZjA3NWY1MTo2OmQ0Mzc6NTZmMjk2ZGFhNGNiMTdiNGYzZGU2Mzg0NDdhYzM4OTFhMTYyNGJjNGM3NDY3MTYzOWU4Njg1NjZiMzcxOGRiOTpwOlQ\">A Birla Carbon<\/a>,l\u00edder global na produ\u00e7\u00e3o de  solu\u00e7\u00f5es de alta qualidade baseadas em carbono, participou do <a href=\"https:\/\/protect.checkpoint.com\/v2\/___https:\/www.thebatteryshow.com\/en\/home.html___.bXQtcHJvZC1jcC1hcHMxLTE6YWRpdHlhYmlybGFtYW5hZ2VtZW50OmM6bzoxNzQzM2YzOGFhNDIyNjRmYzZmMzE0ODVhZjA3NWY1MTo2OjA3NWM6MjI2MDY1MjA3MzkxYzQ5NTUzYzE5M2UxOWJjYmEzZDQ5YWE5MDNmODQ2Y2M0MTYwYjBlOWQ0MmEzNzdjOTg5YzpwOlQ\">], The Battery Show North  America 2023<\/a> de 12 a 14 de setembro de 2023, no Suburban Collection Showplace, Novi,  Michigan, USA. A Birla Carbon fez a exposi\u00e7\u00e3o no Estande <strong><u>2165.0<\/u><\/strong> e apresentou seus carbonos condutores e a  expans\u00e3o de seu portf\u00f3lio de carbono para grafites na ind\u00fastria de baterias. <\/p>\n<ul>\n<li>Entre o portf\u00f3lio de solu\u00e7\u00f5es  baseadas em carbono para a ind\u00fastria de baterias, a Birla Carbon apresentou o Conductex<em>il4<\/em> e os aditivos condutores h\u00edbridos CB\/CNT. Esses  produtos facilitam o  processamento e apresentam propriedades favor\u00e1veis de eletrodo at\u00e9 mesmo  a n\u00edveis de carregamento mais baixos, diferenciando-os dos aditivos similares. <\/li>\n<li>Al\u00e9m disso, a Birla  Carbon apresentou  os materiais <em>Graphite Anode<\/em> <em>Active<\/em>, que s\u00e3o grafites de alto  desempenho capazes de proporcionar uma excepcional efici\u00eancia de ciclagem e uma vida \u00fatil  prolongada em baterias com alta densidade de energia e pot\u00eancia. <\/li>\n<\/ul>\n<p>Ao  falar dessa participa\u00e7\u00e3o, a Dra. Ann Schoeb, diretora de Pesquisa &amp; Desenvolvimento e Chefe de Neg\u00f3cios do  Sistema de Energia da Birla Carbon, disse: &ldquo;<em>Estamos orgulhosos por ampliar  nossa vasta experi\u00eancia no fornecimento de carbonos condutores para o mercado  de baterias de chumbo-\u00e1cido por mais de uma d\u00e9cada. Para fortalecer nossa  presen\u00e7a na ind\u00fastria, <\/em>\u00a0<em>nossos  aditivos condutores fabricados para o uso em baterias de \u00edon de l\u00edtio s\u00e3o agora  produzidos em tr\u00eas de nossas f\u00e1bricas, na Cor\u00e9ia do Sul, It\u00e1lia e nos <\/em><em>Estados Unidos da Am\u00e9rica<\/em><em>.  A excelente aceita\u00e7\u00e3o desses materiais nos aproximam dos clientes atuais, que  tamb\u00e9m realizam ativamente amostragens do nosso portf\u00f3lio de grafites.\u00a0 A sele\u00e7\u00e3o do local para nossa primeira  f\u00e1brica mundial de  manufatura de grafite est\u00e1 atualmente em curso na Am\u00e9rica do Norte.&rdquo;\u00a0 Ela acrescentou ainda, &ldquo;<\/em><em>Esper\u00e1vamos <\/em><em>ansiosamente pela  oportunidade de nos conectarmos com os clientes no Battery Show <\/em>na  Am\u00e9rica do Norte, onde exploramos o grande  potencial de nossas  solu\u00e7\u00f5es em carbono na  forma\u00e7\u00e3o da tecnologia do futuro. &rdquo; <\/p>\n<p>  O  The Battery Show da Am\u00e9rica do Norte 2023 \u00e9 o maior e mais renomado evento dedicado \u00e0 baterias e ind\u00fastrias  de EV (ve\u00edculos el\u00e9tricos). Com sua reputa\u00e7\u00e3o de longa data como uma plataforma  de networking, o evento atrai profissionais, especialistas e l\u00edderes do setor  do mundo inteiro, todos unidos pela mesma vis\u00e3o de formar um futuro  sustent\u00e1vel. <\/p>\n<\/div><div class=\"fusion-clearfix\"><\/div><\/div><\/div><div class=\"fusion-layout-column fusion_builder_column fusion-builder-column-2 fusion_builder_column_1_1 1_1 fusion-one-full fusion-column-first fusion-column-last\" style=\"--awb-bg-size:cover;\"><div class=\"fusion-column-wrapper fusion-flex-column-wrapper-legacy\"><div class=\"fusion-text fusion-text-2\" style=\"--awb-text-transform:none;\"><p><strong>Sobre a<\/strong><strong> Birla Carbon<\/strong><\/p>\n<p><a href=\"https:\/\/www.birlacarbon.com\/\">A Birla Carbon<\/a> \u00e9 um fornecedor l\u00edder global de negro de fumo. Como um dos principais neg\u00f3cios do conglomerado de empresas multinacional indiano, do <a href=\"https:\/\/www.adityabirla.com\/\" target=\"_blank\" rel=\"noopener\">Grupo Aditya Birla<\/a>, a Birla Carbon proporciona solu\u00e7\u00f5es de negro de fumo sustent\u00e1veis inovadoras que incrementam o desempenho de tintas e revestimentos, toners, pl\u00e1sticos, selantes, fibras t\u00eaxteis, produtos de borracha sujeitos a esfor\u00e7os mec\u00e2nicos e pneus. A presen\u00e7a da companhia se estende por 12 pa\u00edses com 16 instala\u00e7\u00f5es fabris e dois centros tecnol\u00f3gicos de \u00faltima gera\u00e7\u00e3o em Marietta (EUA) e Taloja (\u00cdndia), proporcionando inova\u00e7\u00f5es l\u00edderes na ind\u00fastria. Sua estrat\u00e9gia de <a href=\"https:\/\/sustainability.birlacarbon.com\/\">Objetivos de Excel\u00eancia Operacional<\/a> (SOE) foca na seguran\u00e7a dos empregados, administra\u00e7\u00e3o ambiental, uso eficiente de fontes de carbono e operar de forma respons\u00e1vel em termos sociais e \u00e9ticos.<\/p>\n<p>Para mais informa\u00e7\u00f5es, visite <a href=\"https:\/\/www.birlacarbon.com\">www.birlacarbon.com<\/a> ou siga-nos no <a href=\"https:\/\/www.linkedin.com\/company\/birlacarbon\/\">LinkedIn<\/a>, <a href=\"https:\/\/twitter.com\/birlacarbon\">Twitter<\/a>, <a href=\"https:\/\/www.facebook.com\/birlacarbon\">Facebook<\/a> ou <a href=\"https:\/\/www.instagram.com\/birlacarbon\/\">Instagram<\/a>.<\/p>\n<p>Para qualquer d\u00favida, entre em contato:<br \/>\nRoysten Dmello<br \/>\nComunica\u00e7\u00f5es corporativas<br \/>\n<a href=\"mailto:roysten.dmello@adityabirla.com\">roysten.dmello@adityabirla.com<\/a><\/p>\n<\/div><div class=\"fusion-widget-area awb-widget-area-element fusion-widget-area-1 fusion-content-widget-area\" style=\"--awb-title-size:22px;--awb-title-color:#000000;--awb-padding:0px 0px 0px 0px;\"><div id=\"text-55\" class=\"widget widget_text\" style=\"border-style: solid;border-color:transparent;border-width:0px;\">\t\t\t<div class=\"textwidget\"> <p><a href=\"https:\/\/www.birlacarbon.com\/pt-br\/comunicados-de-impresa\/\" class=\"leader-back\">\t&laquo; Voltar para Releases de Imprensa<\/a><\/p><\/div>\n\t\t<\/div><div class=\"fusion-additional-widget-content\"><\/div><\/div><div class=\"fusion-clearfix\"><\/div><\/div><\/div><\/div><\/div>\n","protected":false},"excerpt":{"rendered":"<p>Birla Carbon, a global leader in the production of high quality carbon-based solutions, is excited to announce its participation at The Battery Show North America 2023, scheduled to take place from September 12 \u2013 14, 2023, at Suburban Collection Showplace, Novi, Michigan, USA. Birla Carbon will exhibit at Booth 2165.0 and will showcase its conductive carbons and expansion of its carbon portfolio into graphites for the battery industry.<\/p>\n","protected":false},"author":24,"featured_media":0,"comment_status":"closed","ping_status":"open","sticky":false,"template":"","format":"standard","meta":{"_acf_changed":false,"_monsterinsights_skip_tracking":false,"_monsterinsights_sitenote_active":false,"_monsterinsights_sitenote_note":"","_monsterinsights_sitenote_category":0,"footnotes":""},"categories":[530],"tags":[],"class_list":["post-22646","post","type-post","status-publish","format-standard","hentry","category-press-2"],"acf":false,"yoast_head":"<!-- This site is optimized with the Yoast SEO plugin v27.4 - https:\/\/yoast.com\/product\/yoast-seo-wordpress\/ -->\n<title>A Birla Carbon esteve na exposi\u00e7\u00e3o The Battery Show da Am\u00e9rica do Norte 2023 - Birla Carbon<\/title>\n<meta name=\"robots\" content=\"index, follow, max-snippet:-1, max-image-preview:large, max-video-preview:-1\" \/>\n<link rel=\"canonical\" href=\"https:\/\/www.birlacarbon.com\/pt-br\/a-birla-carbon-esteve-na-exposicao-the-battery-show-da-america-do-norte-2023\/\" \/>\n<meta property=\"og:locale\" content=\"pt_BR\" \/>\n<meta property=\"og:type\" content=\"article\" \/>\n<meta property=\"og:title\" content=\"A Birla Carbon esteve na exposi\u00e7\u00e3o The Battery Show da Am\u00e9rica do Norte 2023 - Birla Carbon\" \/>\n<meta property=\"og:description\" content=\"Birla Carbon, a global leader in the production of high quality carbon-based solutions, is excited to announce its participation at The Battery Show North America 2023, scheduled to take place from September 12 \u2013 14, 2023, at Suburban Collection Showplace, Novi, Michigan, USA. Birla Carbon will exhibit at Booth 2165.0 and will showcase its conductive carbons and expansion of its carbon portfolio into graphites for the battery industry.\" \/>\n<meta property=\"og:url\" content=\"https:\/\/www.birlacarbon.com\/pt-br\/a-birla-carbon-esteve-na-exposicao-the-battery-show-da-america-do-norte-2023\/\" \/>\n<meta property=\"og:site_name\" content=\"Birla Carbon\" \/>\n<meta property=\"article:published_time\" content=\"2023-09-04T14:12:04+00:00\" \/>\n<meta property=\"article:modified_time\" content=\"2023-10-10T13:41:36+00:00\" \/>\n<meta name=\"author\" content=\"Mrunalini Waghmare\" \/>\n<meta name=\"twitter:card\" content=\"summary_large_image\" \/>\n<meta name=\"twitter:label1\" content=\"Escrito por\" \/>\n\t<meta name=\"twitter:data1\" content=\"Mrunalini Waghmare\" \/>\n\t<meta name=\"twitter:label2\" content=\"Est. tempo de leitura\" \/>\n\t<meta name=\"twitter:data2\" content=\"4 minutos\" \/>\n<!-- \/ Yoast SEO plugin. -->","yoast_head_json":{"title":"A Birla Carbon esteve na exposi\u00e7\u00e3o The Battery Show da Am\u00e9rica do Norte 2023 - Birla Carbon","robots":{"index":"index","follow":"follow","max-snippet":"max-snippet:-1","max-image-preview":"max-image-preview:large","max-video-preview":"max-video-preview:-1"},"canonical":"https:\/\/www.birlacarbon.com\/pt-br\/a-birla-carbon-esteve-na-exposicao-the-battery-show-da-america-do-norte-2023\/","og_locale":"pt_BR","og_type":"article","og_title":"A Birla Carbon esteve na exposi\u00e7\u00e3o The Battery Show da Am\u00e9rica do Norte 2023 - Birla Carbon","og_description":"Birla Carbon, a global leader in the production of high quality carbon-based solutions, is excited to announce its participation at The Battery Show North America 2023, scheduled to take place from September 12 \u2013 14, 2023, at Suburban Collection Showplace, Novi, Michigan, USA. Birla Carbon will exhibit at Booth 2165.0 and will showcase its conductive carbons and expansion of its carbon portfolio into graphites for the battery industry.","og_url":"https:\/\/www.birlacarbon.com\/pt-br\/a-birla-carbon-esteve-na-exposicao-the-battery-show-da-america-do-norte-2023\/","og_site_name":"Birla Carbon","article_published_time":"2023-09-04T14:12:04+00:00","article_modified_time":"2023-10-10T13:41:36+00:00","author":"Mrunalini Waghmare","twitter_card":"summary_large_image","twitter_misc":{"Escrito por":"Mrunalini Waghmare","Est. tempo de leitura":"4 minutos"},"schema":{"@context":"https:\/\/schema.org","@graph":[{"@type":"Article","@id":"https:\/\/www.birlacarbon.com\/pt-br\/a-birla-carbon-esteve-na-exposicao-the-battery-show-da-america-do-norte-2023\/#article","isPartOf":{"@id":"https:\/\/www.birlacarbon.com\/pt-br\/a-birla-carbon-esteve-na-exposicao-the-battery-show-da-america-do-norte-2023\/"},"author":{"name":"Mrunalini Waghmare","@id":"https:\/\/www.birlacarbon.com\/pt-br\/#\/schema\/person\/03e70060c7429102ec5b35cb737a66bf"},"headline":"A Birla Carbon esteve na exposi\u00e7\u00e3o The Battery Show da Am\u00e9rica do Norte 2023","datePublished":"2023-09-04T14:12:04+00:00","dateModified":"2023-10-10T13:41:36+00:00","mainEntityOfPage":{"@id":"https:\/\/www.birlacarbon.com\/pt-br\/a-birla-carbon-esteve-na-exposicao-the-battery-show-da-america-do-norte-2023\/"},"wordCount":1342,"publisher":{"@id":"https:\/\/www.birlacarbon.com\/pt-br\/#organization"},"articleSection":["Press"],"inLanguage":"pt-BR"},{"@type":"WebPage","@id":"https:\/\/www.birlacarbon.com\/pt-br\/a-birla-carbon-esteve-na-exposicao-the-battery-show-da-america-do-norte-2023\/","url":"https:\/\/www.birlacarbon.com\/pt-br\/a-birla-carbon-esteve-na-exposicao-the-battery-show-da-america-do-norte-2023\/","name":"A Birla Carbon esteve na exposi\u00e7\u00e3o The Battery Show da Am\u00e9rica do Norte 2023 - Birla Carbon","isPartOf":{"@id":"https:\/\/www.birlacarbon.com\/pt-br\/#website"},"datePublished":"2023-09-04T14:12:04+00:00","dateModified":"2023-10-10T13:41:36+00:00","breadcrumb":{"@id":"https:\/\/www.birlacarbon.com\/pt-br\/a-birla-carbon-esteve-na-exposicao-the-battery-show-da-america-do-norte-2023\/#breadcrumb"},"inLanguage":"pt-BR","potentialAction":[{"@type":"ReadAction","target":["https:\/\/www.birlacarbon.com\/pt-br\/a-birla-carbon-esteve-na-exposicao-the-battery-show-da-america-do-norte-2023\/"]}]},{"@type":"BreadcrumbList","@id":"https:\/\/www.birlacarbon.com\/pt-br\/a-birla-carbon-esteve-na-exposicao-the-battery-show-da-america-do-norte-2023\/#breadcrumb","itemListElement":[{"@type":"ListItem","position":1,"name":"Home","item":"https:\/\/www.birlacarbon.com\/pt-br\/"},{"@type":"ListItem","position":2,"name":"A Birla Carbon esteve na exposi\u00e7\u00e3o The Battery Show da Am\u00e9rica do Norte 2023"}]},{"@type":"WebSite","@id":"https:\/\/www.birlacarbon.com\/pt-br\/#website","url":"https:\/\/www.birlacarbon.com\/pt-br\/","name":"Birla Carbon","description":"Birla Carbon","publisher":{"@id":"https:\/\/www.birlacarbon.com\/pt-br\/#organization"},"potentialAction":[{"@type":"SearchAction","target":{"@type":"EntryPoint","urlTemplate":"https:\/\/www.birlacarbon.com\/pt-br\/?s={search_term_string}"},"query-input":{"@type":"PropertyValueSpecification","valueRequired":true,"valueName":"search_term_string"}}],"inLanguage":"pt-BR"},{"@type":"Organization","@id":"https:\/\/www.birlacarbon.com\/pt-br\/#organization","name":"Birla Carbon","url":"https:\/\/www.birlacarbon.com\/pt-br\/","logo":{"@type":"ImageObject","inLanguage":"pt-BR","@id":"https:\/\/www.birlacarbon.com\/pt-br\/#\/schema\/logo\/image\/","url":"https:\/\/www.birlacarbon.com\/wp-content\/uploads\/2017\/01\/aditya-birla-logo-retina.png","contentUrl":"https:\/\/www.birlacarbon.com\/wp-content\/uploads\/2017\/01\/aditya-birla-logo-retina.png","width":190,"height":182,"caption":"Birla Carbon"},"image":{"@id":"https:\/\/www.birlacarbon.com\/pt-br\/#\/schema\/logo\/image\/"}},{"@type":"Person","@id":"https:\/\/www.birlacarbon.com\/pt-br\/#\/schema\/person\/03e70060c7429102ec5b35cb737a66bf","name":"Mrunalini Waghmare"}]}},"_links":{"self":[{"href":"https:\/\/www.birlacarbon.com\/pt-br\/wp-json\/wp\/v2\/posts\/22646","targetHints":{"allow":["GET"]}}],"collection":[{"href":"https:\/\/www.birlacarbon.com\/pt-br\/wp-json\/wp\/v2\/posts"}],"about":[{"href":"https:\/\/www.birlacarbon.com\/pt-br\/wp-json\/wp\/v2\/types\/post"}],"author":[{"embeddable":true,"href":"https:\/\/www.birlacarbon.com\/pt-br\/wp-json\/wp\/v2\/users\/24"}],"replies":[{"embeddable":true,"href":"https:\/\/www.birlacarbon.com\/pt-br\/wp-json\/wp\/v2\/comments?post=22646"}],"version-history":[{"count":0,"href":"https:\/\/www.birlacarbon.com\/pt-br\/wp-json\/wp\/v2\/posts\/22646\/revisions"}],"wp:attachment":[{"href":"https:\/\/www.birlacarbon.com\/pt-br\/wp-json\/wp\/v2\/media?parent=22646"}],"wp:term":[{"taxonomy":"category","embeddable":true,"href":"https:\/\/www.birlacarbon.com\/pt-br\/wp-json\/wp\/v2\/categories?post=22646"},{"taxonomy":"post_tag","embeddable":true,"href":"https:\/\/www.birlacarbon.com\/pt-br\/wp-json\/wp\/v2\/tags?post=22646"}],"curies":[{"name":"wp","href":"https:\/\/api.w.org\/{rel}","templated":true}]}}