{"id":6557,"date":"2019-04-01T13:36:39","date_gmt":"2019-04-01T13:36:39","guid":{"rendered":"https:\/\/birlastaging.wpengine.com\/?p=6557"},"modified":"2021-05-28T17:58:37","modified_gmt":"2021-05-28T17:58:37","slug":"perspectiva-brilhante-para-o-negro-de-fumo","status":"publish","type":"post","link":"https:\/\/www.birlacarbon.com\/pt-br\/perspectiva-brilhante-para-o-negro-de-fumo\/","title":{"rendered":"Perspectiva Brilhante para o Negro de Fumo?"},"content":{"rendered":"<div class=\"fusion-fullwidth fullwidth-box fusion-builder-row-1 nonhundred-percent-fullwidth non-hundred-percent-height-scrolling cb-interior-main\" style=\"--awb-border-sizes-top:0px;--awb-border-sizes-bottom:0px;--awb-border-sizes-left:0px;--awb-border-sizes-right:0px;--awb-border-radius-top-left:0px;--awb-border-radius-top-right:0px;--awb-border-radius-bottom-right:0px;--awb-border-radius-bottom-left:0px;--awb-padding-top:5%;--awb-padding-right:5%;--awb-padding-bottom:2%;--awb-padding-left:5%;--awb-flex-wrap:wrap;\" ><div class=\"fusion-builder-row fusion-row\"><div class=\"fusion-layout-column fusion_builder_column fusion-builder-column-0 fusion_builder_column_2_3 2_3 fusion-two-third fusion-column-first\" style=\"--awb-padding-top:100px;--awb-padding-right:20px;--awb-padding-bottom:0px;--awb-padding-left:0px;--awb-bg-size:cover;--awb-margin-bottom:0px;width:65.3333%; margin-right: 4%;\"><div class=\"fusion-column-wrapper fusion-flex-column-wrapper-legacy\"><div class=\"fusion-title title fusion-title-1 fusion-sep-none fusion-title-text fusion-title-size-one\" style=\"--awb-margin-bottom:20px;--awb-margin-top-small:0px;--awb-margin-right-small:0px;--awb-margin-bottom-small:20px;--awb-margin-left-small:0px;\"><h1 class=\"fusion-title-heading title-heading-left fusion-responsive-typography-calculated\" style=\"margin:0;--fontSize:60;line-height:1.25;\"><h1>Perspectiva Brilhante para o Negro de Fumo?<\/h1><\/h1><\/div><div class=\"fusion-clearfix\"><\/div><\/div><\/div><div class=\"fusion-layout-column fusion_builder_column fusion-builder-column-1 fusion_builder_column_1_1 1_1 fusion-one-full fusion-column-last\" style=\"--awb-bg-size:cover;\"><div class=\"fusion-column-wrapper fusion-flex-column-wrapper-legacy\"><div class=\"fusion-text fusion-text-1\"><p>1 de abril de 2019<\/p>\n<p>Os grandes fabricantes podem continuar no caminho do grande crescimento do mercado e investimento visto no ano passado?<\/p>\n<p>Depois de um per\u00edodo de forte demanda e escassez nos fornecimentos, o mercado do negro de fumo demonstrou sinais de abrandamento para o final de 2018.<\/p>\n<p>O Presidente da Birla Carbon da regi\u00e3o da Europa e \u00c1frica, John Davidson, est\u00e1 detectando um \u201cotimismo cauteloso\u201d em sua regi\u00e3o para o resto do ano, com previs\u00f5es de crescimento de 1 a 2% na Europa.<\/p>\n<p>\u201cNossos clientes est\u00e3o se sentindo razoavelmente confiantes de que podem conseguir isso, \u201d disse Davidson ao ERJ durante a Feira de Tecnologia de Pneus, em Hanover, no dia 6 de mar\u00e7o.<\/p>\n<p>Apesar de a ind\u00fastria automobil\u00edstica ter testemunhado uma \u201cenorme volatilidade\u201d, a tend\u00eancia macro ainda \u00e9 de que as pessoas querem ser propriet\u00e1rias de ve\u00edculos e dirigir por mais quil\u00f4metros, prosseguiu ele.<\/p>\n<p>Um lado positivo do mercado de pneus \u00e9 o mercado para caminh\u00f5es e \u00f4nibus &#8211; particularmente na Europa, acrescentou Davidson, que se juntou \u00e0 Birla Carbon h\u00e1 pouco mais de um ano.<\/p>\n<p>Para ler o artigo completo, visite o European Rubber Journal ou clique no link &#8211;<\/p>\n<p><a href=\"https:\/\/www.european-rubber-journal.com\/2019\/04\/08\/outlook-bright-carbon-black\/\" target=\"_blank\" rel=\"noopener noreferrer\">https:\/\/www.european-rubber-journal.com\/2019\/04\/08\/outlook-bright-carbon-black\/<\/a><\/p>\n<\/div><div class=\"fusion-widget-area awb-widget-area-element fusion-widget-area-1 fusion-content-widget-area\" style=\"--awb-title-size:22px;--awb-title-color:#000000;--awb-padding:0px 0px 0px 0px;\"><div id=\"text-56\" class=\"widget widget_text\" style=\"border-style: solid;border-color:transparent;border-width:0px;\">\t\t\t<div class=\"textwidget\"><p><a href=\"https:\/\/www.birlacarbon.com\/pt-br\/artigos\/\" class=\"leader-back\">\t&laquo;Voltar para Artigos <\/a><\/p><\/div>\n\t\t<\/div><div class=\"fusion-additional-widget-content\"><\/div><\/div><div class=\"fusion-clearfix\"><\/div><\/div><\/div><\/div><\/div>\n","protected":false},"excerpt":{"rendered":"<p>Os grandes fabricantes podem continuar no caminho do grande crescimento do mercado e investimento visto no ano passado?<\/p>\n","protected":false},"author":10,"featured_media":0,"comment_status":"closed","ping_status":"open","sticky":false,"template":"","format":"standard","meta":{"_acf_changed":false,"_monsterinsights_skip_tracking":false,"_monsterinsights_sitenote_active":false,"_monsterinsights_sitenote_note":"","_monsterinsights_sitenote_category":0,"footnotes":""},"categories":[534],"tags":[],"class_list":["post-6557","post","type-post","status-publish","format-standard","hentry","category-articles-pt-br"],"acf":false,"yoast_head":"<!-- This site is optimized with the Yoast SEO plugin v27.4 - https:\/\/yoast.com\/product\/yoast-seo-wordpress\/ -->\n<title>Perspectiva Brilhante para o Negro de Fumo? - Birla Carbon<\/title>\n<meta name=\"description\" content=\"-1365\" \/>\n<meta name=\"robots\" content=\"index, follow, max-snippet:-1, max-image-preview:large, max-video-preview:-1\" \/>\n<link rel=\"canonical\" href=\"https:\/\/www.birlacarbon.com\/pt-br\/perspectiva-brilhante-para-o-negro-de-fumo\/\" \/>\n<meta property=\"og:locale\" content=\"pt_BR\" \/>\n<meta property=\"og:type\" content=\"article\" \/>\n<meta property=\"og:title\" content=\"Perspectiva Brilhante para o Negro de Fumo? - Birla Carbon\" \/>\n<meta property=\"og:description\" content=\"-1365\" \/>\n<meta property=\"og:url\" content=\"https:\/\/www.birlacarbon.com\/pt-br\/perspectiva-brilhante-para-o-negro-de-fumo\/\" \/>\n<meta property=\"og:site_name\" content=\"Birla Carbon\" \/>\n<meta property=\"article:published_time\" content=\"2019-04-01T13:36:39+00:00\" \/>\n<meta property=\"article:modified_time\" content=\"2021-05-28T17:58:37+00:00\" \/>\n<meta name=\"author\" content=\"Manoj Nair\" \/>\n<meta name=\"twitter:card\" content=\"summary_large_image\" \/>\n<meta name=\"twitter:label1\" content=\"Escrito por\" \/>\n\t<meta name=\"twitter:data1\" content=\"Manoj Nair\" \/>\n\t<meta name=\"twitter:label2\" content=\"Est. tempo de leitura\" \/>\n\t<meta name=\"twitter:data2\" content=\"3 minutos\" \/>\n<!-- \/ Yoast SEO plugin. -->","yoast_head_json":{"title":"Perspectiva Brilhante para o Negro de Fumo? - Birla Carbon","description":"-1365","robots":{"index":"index","follow":"follow","max-snippet":"max-snippet:-1","max-image-preview":"max-image-preview:large","max-video-preview":"max-video-preview:-1"},"canonical":"https:\/\/www.birlacarbon.com\/pt-br\/perspectiva-brilhante-para-o-negro-de-fumo\/","og_locale":"pt_BR","og_type":"article","og_title":"Perspectiva Brilhante para o Negro de Fumo? - Birla Carbon","og_description":"-1365","og_url":"https:\/\/www.birlacarbon.com\/pt-br\/perspectiva-brilhante-para-o-negro-de-fumo\/","og_site_name":"Birla Carbon","article_published_time":"2019-04-01T13:36:39+00:00","article_modified_time":"2021-05-28T17:58:37+00:00","author":"Manoj Nair","twitter_card":"summary_large_image","twitter_misc":{"Escrito por":"Manoj Nair","Est. tempo de leitura":"3 minutos"},"schema":{"@context":"https:\/\/schema.org","@graph":[{"@type":"Article","@id":"https:\/\/www.birlacarbon.com\/pt-br\/perspectiva-brilhante-para-o-negro-de-fumo\/#article","isPartOf":{"@id":"https:\/\/www.birlacarbon.com\/pt-br\/perspectiva-brilhante-para-o-negro-de-fumo\/"},"author":{"name":"Manoj Nair","@id":"https:\/\/www.birlacarbon.com\/pt-br\/#\/schema\/person\/27fd68d8ad70c2f57acb27ba7bfaa5a1"},"headline":"Perspectiva Brilhante para o Negro de Fumo?","datePublished":"2019-04-01T13:36:39+00:00","dateModified":"2021-05-28T17:58:37+00:00","mainEntityOfPage":{"@id":"https:\/\/www.birlacarbon.com\/pt-br\/perspectiva-brilhante-para-o-negro-de-fumo\/"},"wordCount":627,"publisher":{"@id":"https:\/\/www.birlacarbon.com\/pt-br\/#organization"},"articleSection":["News Articles"],"inLanguage":"pt-BR"},{"@type":"WebPage","@id":"https:\/\/www.birlacarbon.com\/pt-br\/perspectiva-brilhante-para-o-negro-de-fumo\/","url":"https:\/\/www.birlacarbon.com\/pt-br\/perspectiva-brilhante-para-o-negro-de-fumo\/","name":"Perspectiva Brilhante para o Negro de Fumo? - Birla Carbon","isPartOf":{"@id":"https:\/\/www.birlacarbon.com\/pt-br\/#website"},"datePublished":"2019-04-01T13:36:39+00:00","dateModified":"2021-05-28T17:58:37+00:00","description":"-1365","breadcrumb":{"@id":"https:\/\/www.birlacarbon.com\/pt-br\/perspectiva-brilhante-para-o-negro-de-fumo\/#breadcrumb"},"inLanguage":"pt-BR","potentialAction":[{"@type":"ReadAction","target":["https:\/\/www.birlacarbon.com\/pt-br\/perspectiva-brilhante-para-o-negro-de-fumo\/"]}]},{"@type":"BreadcrumbList","@id":"https:\/\/www.birlacarbon.com\/pt-br\/perspectiva-brilhante-para-o-negro-de-fumo\/#breadcrumb","itemListElement":[{"@type":"ListItem","position":1,"name":"Home","item":"https:\/\/www.birlacarbon.com\/pt-br\/"},{"@type":"ListItem","position":2,"name":"Perspectiva Brilhante para o Negro de Fumo?"}]},{"@type":"WebSite","@id":"https:\/\/www.birlacarbon.com\/pt-br\/#website","url":"https:\/\/www.birlacarbon.com\/pt-br\/","name":"Birla Carbon","description":"Birla Carbon","publisher":{"@id":"https:\/\/www.birlacarbon.com\/pt-br\/#organization"},"potentialAction":[{"@type":"SearchAction","target":{"@type":"EntryPoint","urlTemplate":"https:\/\/www.birlacarbon.com\/pt-br\/?s={search_term_string}"},"query-input":{"@type":"PropertyValueSpecification","valueRequired":true,"valueName":"search_term_string"}}],"inLanguage":"pt-BR"},{"@type":"Organization","@id":"https:\/\/www.birlacarbon.com\/pt-br\/#organization","name":"Birla Carbon","url":"https:\/\/www.birlacarbon.com\/pt-br\/","logo":{"@type":"ImageObject","inLanguage":"pt-BR","@id":"https:\/\/www.birlacarbon.com\/pt-br\/#\/schema\/logo\/image\/","url":"https:\/\/www.birlacarbon.com\/wp-content\/uploads\/2017\/01\/aditya-birla-logo-retina.png","contentUrl":"https:\/\/www.birlacarbon.com\/wp-content\/uploads\/2017\/01\/aditya-birla-logo-retina.png","width":190,"height":182,"caption":"Birla Carbon"},"image":{"@id":"https:\/\/www.birlacarbon.com\/pt-br\/#\/schema\/logo\/image\/"}},{"@type":"Person","@id":"https:\/\/www.birlacarbon.com\/pt-br\/#\/schema\/person\/27fd68d8ad70c2f57acb27ba7bfaa5a1","name":"Manoj Nair"}]}},"_links":{"self":[{"href":"https:\/\/www.birlacarbon.com\/pt-br\/wp-json\/wp\/v2\/posts\/6557","targetHints":{"allow":["GET"]}}],"collection":[{"href":"https:\/\/www.birlacarbon.com\/pt-br\/wp-json\/wp\/v2\/posts"}],"about":[{"href":"https:\/\/www.birlacarbon.com\/pt-br\/wp-json\/wp\/v2\/types\/post"}],"author":[{"embeddable":true,"href":"https:\/\/www.birlacarbon.com\/pt-br\/wp-json\/wp\/v2\/users\/10"}],"replies":[{"embeddable":true,"href":"https:\/\/www.birlacarbon.com\/pt-br\/wp-json\/wp\/v2\/comments?post=6557"}],"version-history":[{"count":0,"href":"https:\/\/www.birlacarbon.com\/pt-br\/wp-json\/wp\/v2\/posts\/6557\/revisions"}],"wp:attachment":[{"href":"https:\/\/www.birlacarbon.com\/pt-br\/wp-json\/wp\/v2\/media?parent=6557"}],"wp:term":[{"taxonomy":"category","embeddable":true,"href":"https:\/\/www.birlacarbon.com\/pt-br\/wp-json\/wp\/v2\/categories?post=6557"},{"taxonomy":"post_tag","embeddable":true,"href":"https:\/\/www.birlacarbon.com\/pt-br\/wp-json\/wp\/v2\/tags?post=6557"}],"curies":[{"name":"wp","href":"https:\/\/api.w.org\/{rel}","templated":true}]}}